{"id":5851,"date":"2023-07-12T22:37:05","date_gmt":"2023-07-12T22:37:05","guid":{"rendered":"https:\/\/defrentealaverdad.com\/?p=5851"},"modified":"2023-07-13T01:25:26","modified_gmt":"2023-07-13T01:25:26","slug":"5851","status":"publish","type":"post","link":"https:\/\/defrentealaverdad.com\/index.php\/2023\/07\/12\/5851\/","title":{"rendered":"Aduanas mejora las condiciones laborales de su personal militar y policial"},"content":{"rendered":"<p>Por Felix Rubio<\/p>\n<p><img decoding=\"async\" class=\"size-medium wp-image-5855 aligncenter lazyload\" data-src=\"https:\/\/defrentealaverdad.com\/wp-content\/uploads\/2023\/07\/IMG-20230712-WA0211-300x200.jpg\" alt=\"\" width=\"300\" height=\"200\" data-srcset=\"https:\/\/defrentealaverdad.com\/wp-content\/uploads\/2023\/07\/IMG-20230712-WA0211-300x200.jpg 300w, https:\/\/defrentealaverdad.com\/wp-content\/uploads\/2023\/07\/IMG-20230712-WA0211-768x512.jpg 768w, https:\/\/defrentealaverdad.com\/wp-content\/uploads\/2023\/07\/IMG-20230712-WA0211.jpg 1024w\" data-sizes=\"(max-width: 300px) 100vw, 300px\" src=\"data:image\/svg+xml;base64,PHN2ZyB3aWR0aD0iMSIgaGVpZ2h0PSIxIiB4bWxucz0iaHR0cDovL3d3dy53My5vcmcvMjAwMC9zdmciPjwvc3ZnPg==\" style=\"--smush-placeholder-width: 300px; --smush-placeholder-aspect-ratio: 300\/200;\" \/><\/p>\n<p>Los militares adscritos al Departamento de Seguridad Militar acceder\u00e1n a una gama de beneficios, al igual que el personal civil, en reconocimiento a su labor.<\/p>\n<p>Santo Domingo.- El director general de Aduanas, <strong>Eduardo Sanz Lovat\u00f3n<\/strong>, a trav\u00e9s del Departamento Compensaci\u00f3n y Beneficios, dispuso que, por primera vez en la instituci\u00f3n, los miembros de las Fuerzas Armadas y de la Polic\u00eda Nacional adscritos a la Direcci\u00f3n General de Aduanas (DGA), accedan a una gama de beneficios, al igual que el resto de su personal.<\/p>\n<p>En reconocimiento a la labor que realizan en favor del comercio leg\u00edtimo y la lucha contra los il\u00edcitos aduaneros en los puertos, aeropuertos y puestos fronterizos de todo el pa\u00eds.<\/p>\n<p><em>\u201cYo tengo el deseo, de que la profesi\u00f3n militar y policial, nosotros en el mundo civil, cada vez la respetemos, la prestigiemos y la distingamos m\u00e1s\u201d<\/em>, expres\u00f3 Sanz Lovat\u00f3n durante el acto donde fue ofrecida la informaci\u00f3n.<\/p>\n<p>Entre los beneficios que los militares recibir\u00e1n se encuentran el Subsidio Estudiantil, mediante el cual obtendr\u00e1n una cobertura parcial en los gastos de colegios, escuelas p\u00fablicas y universidades de sus hijos y un subsidio al 100 % en el desayuno, almuerzo y cena, seg\u00fan sus horarios extendidos y tareas especiales.<img decoding=\"async\" class=\"size-medium wp-image-5856 aligncenter lazyload\" data-src=\"https:\/\/defrentealaverdad.com\/wp-content\/uploads\/2023\/07\/IMG-20230712-WA0212-300x200.jpg\" alt=\"\" width=\"300\" height=\"200\" data-srcset=\"https:\/\/defrentealaverdad.com\/wp-content\/uploads\/2023\/07\/IMG-20230712-WA0212-300x200.jpg 300w, https:\/\/defrentealaverdad.com\/wp-content\/uploads\/2023\/07\/IMG-20230712-WA0212-768x512.jpg 768w, https:\/\/defrentealaverdad.com\/wp-content\/uploads\/2023\/07\/IMG-20230712-WA0212.jpg 1024w\" data-sizes=\"(max-width: 300px) 100vw, 300px\" src=\"data:image\/svg+xml;base64,PHN2ZyB3aWR0aD0iMSIgaGVpZ2h0PSIxIiB4bWxucz0iaHR0cDovL3d3dy53My5vcmcvMjAwMC9zdmciPjwvc3ZnPg==\" style=\"--smush-placeholder-width: 300px; --smush-placeholder-aspect-ratio: 300\/200;\" \/><\/p>\n<p>Tambi\u00e9n, acceso a compras en la Bodeguita Aduanera, un supermercado ubicado en la sede de la instituci\u00f3n en el cual pueden adquirir productos de la canasta b\u00e1sica familiar a precios especiales a cr\u00e9dito y al contado, y al uso del restaurante El Hig\u00fcero, en el cual se ofrece un men\u00fa diario y variado de almuerzo, y que, a su vez, cuenta con un amplio y acondicionado espacio para alimentarse dentro del horario laboral institucional.<\/p>\n<p>El general de brigada <strong>Orlando Jerez Espaillat,<\/strong> ERD, supervisor general de Seguridad Militar y Policial de la DGA, testimoni\u00f3 que, mejorar la vida de los militares y polic\u00edas de la DGA fue una de las primeras intensiones de la actual administraci\u00f3n, y, en tal sentido, expres\u00f3 satisfacci\u00f3n por su materializaci\u00f3n.<\/p>\n<p>La actividad cont\u00f3 con la presencia del mayor general piloto, <strong>Leonel Mu\u00f1oz Noboa<\/strong> FARD. viceministro de Defensa para asuntos a\u00e9reos, en representaci\u00f3n del ministro de Defensa, teniente general, <strong>Carlos Luciano D\u00edaz Morfa,<\/strong> ERD; mayor general <strong>Carlos Antonio Fern\u00e1ndez Onofre,<\/strong> comandante general del Ej\u00e9rcito; vicealmirante <strong>Francisco Sosa Castillo,<\/strong> comandante general de la Armada; general de brigada paracaidista, <strong>Mauricio Fern\u00e1ndez Garc\u00eda,<\/strong> subcomandante general de la Fuerza A\u00e9rea; vicealmirante <strong>Jos\u00e9 Manuel Cabrera Ulloa<\/strong>, ARD; presidente de la Direcci\u00f3n Nacional de Control de Drogas, mayor general <strong>Juan Jos\u00e9 Ota\u00f1o Jim\u00e9nez, E<\/strong>RD; general de brigada retirado, <strong>Servio Livio Vizca\u00edno.<\/strong><\/p>\n<p>Esta disposici\u00f3n, se adhiere a la visi\u00f3n del presidente <strong>Luis Abinader<\/strong>, de que, mejorando las condiciones laborales de quienes arriesgan sus vidas, para salvaguardar la de la poblaci\u00f3n, se garantiza una labor m\u00e1s efectiva y se lucha contra la corrupci\u00f3n.<\/p>\n<p><strong>Supervisoria General de Seguridad Militar y Polic\u00edal, DGA.<\/strong><\/p>\n<p>&nbsp;<\/p>\n<p>&nbsp;<\/p>\n<p>&nbsp;<\/p>\n<p>&nbsp;<\/p>\n<p>&nbsp;<\/p>\n<p>&nbsp;<\/p>\n<p>&nbsp;<\/p>\n<p>&nbsp;<\/p>\n<p>&nbsp;<\/p>\n<p>&nbsp;<\/p>\n","protected":false},"excerpt":{"rendered":"<p>Por Felix Rubio Los militares adscritos al Departamento de Seguridad Militar acceder\u00e1n a una gama<\/p>\n","protected":false},"author":1,"featured_media":0,"comment_status":"open","ping_status":"open","sticky":false,"template":"","format":"standard","meta":{"footnotes":""},"categories":[7],"tags":[],"class_list":["post-5851","post","type-post","status-publish","format-standard","hentry","category-nacionales"],"_links":{"self":[{"href":"https:\/\/defrentealaverdad.com\/index.php\/wp-json\/wp\/v2\/posts\/5851","targetHints":{"allow":["GET"]}}],"collection":[{"href":"https:\/\/defrentealaverdad.com\/index.php\/wp-json\/wp\/v2\/posts"}],"about":[{"href":"https:\/\/defrentealaverdad.com\/index.php\/wp-json\/wp\/v2\/types\/post"}],"author":[{"embeddable":true,"href":"https:\/\/defrentealaverdad.com\/index.php\/wp-json\/wp\/v2\/users\/1"}],"replies":[{"embeddable":true,"href":"https:\/\/defrentealaverdad.com\/index.php\/wp-json\/wp\/v2\/comments?post=5851"}],"version-history":[{"count":5,"href":"https:\/\/defrentealaverdad.com\/index.php\/wp-json\/wp\/v2\/posts\/5851\/revisions"}],"predecessor-version":[{"id":5859,"href":"https:\/\/defrentealaverdad.com\/index.php\/wp-json\/wp\/v2\/posts\/5851\/revisions\/5859"}],"wp:attachment":[{"href":"https:\/\/defrentealaverdad.com\/index.php\/wp-json\/wp\/v2\/media?parent=5851"}],"wp:term":[{"taxonomy":"category","embeddable":true,"href":"https:\/\/defrentealaverdad.com\/index.php\/wp-json\/wp\/v2\/categories?post=5851"},{"taxonomy":"post_tag","embeddable":true,"href":"https:\/\/defrentealaverdad.com\/index.php\/wp-json\/wp\/v2\/tags?post=5851"}],"curies":[{"name":"wp","href":"https:\/\/api.w.org\/{rel}","templated":true}]}}