{"id":5842,"date":"2023-07-12T18:26:31","date_gmt":"2023-07-12T18:26:31","guid":{"rendered":"https:\/\/defrentealaverdad.com\/?p=5842"},"modified":"2023-07-12T18:26:31","modified_gmt":"2023-07-12T18:26:31","slug":"senado-reconoce-al-intec-por-50-anos-de-aportes-a-la-educacion-superior","status":"publish","type":"post","link":"https:\/\/defrentealaverdad.com\/index.php\/2023\/07\/12\/senado-reconoce-al-intec-por-50-anos-de-aportes-a-la-educacion-superior\/","title":{"rendered":"Senado reconoce al INTEC por 50 a\u00f1os de aportes a la educaci\u00f3n superior"},"content":{"rendered":"<p style=\"text-align: justify;\"><strong><img decoding=\"async\" class=\"aligncenter lazyload\" data-src=\"https:\/\/www.intec.edu.do\/templates\/yootheme\/cache\/51\/ReconocimientoSenado-519711e4.jpeg\" src=\"data:image\/svg+xml;base64,PHN2ZyB3aWR0aD0iMSIgaGVpZ2h0PSIxIiB4bWxucz0iaHR0cDovL3d3dy53My5vcmcvMjAwMC9zdmciPjwvc3ZnPg==\" \/><\/strong><\/p>\n<p style=\"text-align: justify;\"><strong>Santo Domingo.-<\/strong> El Instituto Tecnol\u00f3gico de Santo Domingo (INTEC)\u00a0fue reconocido este martes por el Senado de la Rep\u00fablica Dominicana, tras haber arribado a sus 50 a\u00f1os de fundaci\u00f3n con valiosos aportes a la educaci\u00f3n superior del pa\u00eds, colocando un sello de calidad y excelencia en sus egresados que genera un alto beneficio a la sociedad dominicana. El acto de reconocimiento fue encabezado por Eduardo Estrella, presidente de la C\u00e1mara Alta, quien destac\u00f3 la labor del INTEC como una academia de estudios superiores, con altos valores en la calidad de la innovaci\u00f3n.<\/p>\n<p style=\"text-align: justify;\"><em>\u201cEl INTEC representa lo que es un gesto de entrega, de entereza. Con la fundaci\u00f3n del INTEC, hace ya m\u00e1s de 50 a\u00f1os, estamos frente a un grupo de hombres y mujeres que en ese momento vieron la necesidad de mejorar la calidad acad\u00e9mica; lo que no solo se ha mantenido con el tiempo, sino que ha ido y va mejorando cada d\u00eda m\u00e1s\u201d,<\/em> enfatiz\u00f3 Estrella.<\/p>\n<p style=\"text-align: justify;\">El presidente del Senado calific\u00f3 como \u201calgo altamente positivo\u201d, el hecho de que para ser egresado del INTEC, es necesario alcanzar la excelencia acad\u00e9mica, lo que implica que los estudiantes tengan que esforzarse m\u00e1s y m\u00e1s para lograr esta meta. Para reconocer al INTEC, el Pleno de Senatorial aprob\u00f3 a unanimidad una Resoluci\u00f3n presentada por la senadora del Distritico Nacional, Faride Raful, quien destac\u00f3 el compromiso de esa universidad.<\/p>\n<p style=\"text-align: justify;\">\u201cNo soy inteciana, pero como dominicana, a lo largo de los a\u00f1os. he visto la calidad de numerosos profesionales que encarnan lo que necesitamos cada vez m\u00e1s, eso es excelencia, y compromiso, por tanto, reconocer a INTEC es reconocerlos a ellos, que por cinco d\u00e9cadas han puesto en marcha esas cualidades y han nutrido los espacios donde se desenvuelven\u201d, dijo Raful en el acto realizado en el sal\u00f3n Polivalente del Senado.<\/p>\n<p style=\"text-align: justify;\">La legisladora indic\u00f3, adem\u00e1s, que hablar de INTEC es hablar de excelencia y compromiso, en el Distrito Nacional y en la Rep\u00fablica Dominicana, \u201cla primera de estas cualidades nos hace pensar en el alto rendimiento acad\u00e9mico de sus estudiantes y egresados, y la articulaci\u00f3n de su personal docente e investigador en los procesos de innovaci\u00f3n dentro del pa\u00eds; la segunda, remite al sentido de oportunidad social y econ\u00f3mica con que elabora su oferta acad\u00e9mica y sus programas de becas, por tanto, reconocer a INTEC acad\u00e9micamente es proclamar que creemos que si nos esforzamos por hacer las cosas bien, con calidad, compromiso y empat\u00eda nos encaminamos a un mejor pa\u00eds\u201d. El Senado de la Rep\u00fablica Dominicana reconoci\u00f3 el medio siglo de trayectoria de excelencia en la educaci\u00f3n superior del Instituto Tecnol\u00f3gico de Santo Domingo (INTEC) como ente privado de transformaci\u00f3n social y desarrollo de la Rep\u00fablica Dominicana, comprometidos con su pa\u00eds, para el cual ponen al servicio su formaci\u00f3n intelectual basada en elevados principios morales y responsabilidad social.<\/p>\n<p style=\"text-align: justify;\">Al agradecer el reconocimiento, el rector del INTEC, Julio S\u00e1nchez Mari\u00f1ez, expres\u00f3 que recibir un homenaje desde el primer poder del Estado, no solo llena de orgullo a la Rector\u00eda, a la Junta de Regentes, a los catedr\u00e1ticos y al personal administrativo y de apoyo, sino que les invita a tratar de ser cada d\u00eda mejores.<\/p>\n<p style=\"text-align: justify;\">\u201c<em>Hemos estado, y estamos, incidiendo en la calidad de vida de los dominicanos. Y lo hacemos, ya no mediante la protesta barrial, sino aplicando las tecnolog\u00edas y el conocimiento, pues nuestro inter\u00e9s es ser parte de una \u00e9lite acad\u00e9mica, pero no de una \u00e9lite socioecon\u00f3mica\u201d<\/em>, dijo el rector del INTEC.<\/p>\n<p style=\"text-align: justify;\">Para reconocer al Instituto Tecnol\u00f3gico de Santo Domingo, el Senado explica que el INTEC ha contribuido con la transformaci\u00f3n del pa\u00eds y la promoci\u00f3n continua de la calidad de vida de sus habitantes, as\u00ed como la de su patrimonio moral y material.<\/p>\n<p style=\"text-align: justify;\"><em>\u201cQue el Instituto Tecnol\u00f3gico de Santo Domingo (INTEC) ha sido el responsable de la educaci\u00f3n superior de gran parte de los profesionales de renombre de nuestro pa\u00eds, incluyendo a dos presidentes de la Rep\u00fablica Dominicana, demostrando que la excelencia es el norte de sus valores\u201d,<\/em> se indica en uno de los considerandos de la iniciativa legislativa.<\/p>\n<p style=\"text-align: justify;\">Otro considerando explica que el INTEC se ha caracterizado por estar a la vanguardia de las necesidades, al ofertar carreras acordes con las exigencias de los nuevos tiempos, que respondan a las necesidades de los sectores productivos nacionales y que brinden a los estudiantes mayores oportunidades para su desarrollo y crecimiento profesional. Adem\u00e1s del presidente del Senado, Eduardo Estrella, en el acto de reconocimiento al Instituto Tecnol\u00f3gico de Santo Domingo (INTEC), asistieron los senadores Santiago Jos\u00e9 Zorrilla (El Seibo), vicepresidente del Senado; L\u00eda D\u00edaz Santana (Azua) y Ginette Bournigal de Jim\u00e9nez (Puerto Plata), secretarias del Bufette Directivo; Faride Raful (Distrito Nacional), proponente de la Resoluci\u00f3n; Melania Salvador de Jim\u00e9nez (Bahoruco); y Virgilio Cedano (La Altagracia).<\/p>\n<p style=\"text-align: justify;\">Del Instituto Tecnol\u00f3gico de Santo Domingo (INTEC), adem\u00e1s de su rector, Julio S\u00e1nchez Mari\u00f1ez; estuvieron presentes Arturo del Villar, vicerrector acad\u00e9mico; Franco G\u00f3mez, Jos\u00e9 M. Santos y Elianna Pe\u00f1a, presidente, vicepresidente y miembro, respectivamente, de la Junta de Regentes de la entidad educativa.<\/p>\n<p style=\"text-align: justify;\">\n<p style=\"text-align: justify;\">Fuente: P\u00e1gina Web del Senado de la Rep\u00fablica.<\/p>\n","protected":false},"excerpt":{"rendered":"<p>Santo Domingo.- El Instituto Tecnol\u00f3gico de Santo Domingo (INTEC)\u00a0fue reconocido este martes por el Senado<\/p>\n","protected":false},"author":2,"featured_media":0,"comment_status":"open","ping_status":"open","sticky":false,"template":"","format":"standard","meta":{"footnotes":""},"categories":[7],"tags":[],"class_list":["post-5842","post","type-post","status-publish","format-standard","hentry","category-nacionales"],"_links":{"self":[{"href":"https:\/\/defrentealaverdad.com\/index.php\/wp-json\/wp\/v2\/posts\/5842","targetHints":{"allow":["GET"]}}],"collection":[{"href":"https:\/\/defrentealaverdad.com\/index.php\/wp-json\/wp\/v2\/posts"}],"about":[{"href":"https:\/\/defrentealaverdad.com\/index.php\/wp-json\/wp\/v2\/types\/post"}],"author":[{"embeddable":true,"href":"https:\/\/defrentealaverdad.com\/index.php\/wp-json\/wp\/v2\/users\/2"}],"replies":[{"embeddable":true,"href":"https:\/\/defrentealaverdad.com\/index.php\/wp-json\/wp\/v2\/comments?post=5842"}],"version-history":[{"count":1,"href":"https:\/\/defrentealaverdad.com\/index.php\/wp-json\/wp\/v2\/posts\/5842\/revisions"}],"predecessor-version":[{"id":5843,"href":"https:\/\/defrentealaverdad.com\/index.php\/wp-json\/wp\/v2\/posts\/5842\/revisions\/5843"}],"wp:attachment":[{"href":"https:\/\/defrentealaverdad.com\/index.php\/wp-json\/wp\/v2\/media?parent=5842"}],"wp:term":[{"taxonomy":"category","embeddable":true,"href":"https:\/\/defrentealaverdad.com\/index.php\/wp-json\/wp\/v2\/categories?post=5842"},{"taxonomy":"post_tag","embeddable":true,"href":"https:\/\/defrentealaverdad.com\/index.php\/wp-json\/wp\/v2\/tags?post=5842"}],"curies":[{"name":"wp","href":"https:\/\/api.w.org\/{rel}","templated":true}]}}