{"id":5834,"date":"2023-07-12T18:18:34","date_gmt":"2023-07-12T18:18:34","guid":{"rendered":"https:\/\/defrentealaverdad.com\/?p=5834"},"modified":"2023-07-12T18:19:32","modified_gmt":"2023-07-12T18:19:32","slug":"davids-uniformes-y-bordados-anuncia-reapertura-de-sus-instalaciones-luego-de-terrible-siniestro","status":"publish","type":"post","link":"https:\/\/defrentealaverdad.com\/index.php\/2023\/07\/12\/davids-uniformes-y-bordados-anuncia-reapertura-de-sus-instalaciones-luego-de-terrible-siniestro\/","title":{"rendered":"DAVID\u2019S Uniformes y Bordados anuncia reapertura de sus instalaciones luego de terrible siniestro."},"content":{"rendered":"<p style=\"text-align: justify;\"><img decoding=\"async\" class=\"wp-image-5837 alignleft lazyload\" data-src=\"https:\/\/defrentealaverdad.com\/wp-content\/uploads\/2023\/07\/WhatsApp-Image-2023-07-12-at-14.15.11-300x200.jpeg\" alt=\"\" width=\"381\" height=\"254\" data-srcset=\"https:\/\/defrentealaverdad.com\/wp-content\/uploads\/2023\/07\/WhatsApp-Image-2023-07-12-at-14.15.11-300x200.jpeg 300w, https:\/\/defrentealaverdad.com\/wp-content\/uploads\/2023\/07\/WhatsApp-Image-2023-07-12-at-14.15.11-1024x683.jpeg 1024w, https:\/\/defrentealaverdad.com\/wp-content\/uploads\/2023\/07\/WhatsApp-Image-2023-07-12-at-14.15.11-768x512.jpeg 768w, https:\/\/defrentealaverdad.com\/wp-content\/uploads\/2023\/07\/WhatsApp-Image-2023-07-12-at-14.15.11.jpeg 1280w\" data-sizes=\"(max-width: 381px) 100vw, 381px\" src=\"data:image\/svg+xml;base64,PHN2ZyB3aWR0aD0iMSIgaGVpZ2h0PSIxIiB4bWxucz0iaHR0cDovL3d3dy53My5vcmcvMjAwMC9zdmciPjwvc3ZnPg==\" style=\"--smush-placeholder-width: 381px; --smush-placeholder-aspect-ratio: 381\/254;\" \/>Higuey, La Altagracia- La empresa DAVID\u2019S Uniformes y Bordados, quien es l\u00edder personalizaci\u00f3n de art\u00edculos promocionales, anuncia la reapertura de sus instalaciones y Showroom para todos sus clientes.<\/p>\n<p style=\"text-align: justify;\">DAVID\u2019S reabre las puertas de su establecimiento, ubicado en la calle Agust\u00edn Guerrero #51, en el centro del municipio de Higuey, donde se encuentran sus oficinas administrativas y taller operativo.<\/p>\n<p style=\"text-align: justify;\">La reapertura de DAVID\u2019S se enmarca en el arduo trabajo realizado por los propietarios y colaboradores de la empresa luego de que el pasado 20 de marzo de este 2023 sufrieran un lamentable siniestro que redujo a escombros y cenizas sus instalaciones, equipos y maquinarias. En concreto, la empresa, luego de casi 3 meses en cese de operaciones, anuncia este nuevo comienzo lleno de fe y esperanzas.<\/p>\n<p style=\"text-align: justify;\"><strong><em>\u201cCon esta reapertura, afirmamos nuestro compromiso por m\u00e1s de 33 a\u00f1os de servicio de manera ininterrumpida por parte de nuestra familia y nuestra empresa\u201d,<\/em><\/strong> ha se\u00f1alado Jose David Paniagua, responsable de DAVID\u2019S Uniformes y Bordados, en una rueda de prensa convocada en su showroom para dar a conocer detalles de la reapertura y el siniestro.<\/p>\n<p style=\"text-align: justify;\"><strong><em>\u201cConsideramos que con la ayuda de Dios y el favor de nuestros clientes continuaremos hacia adelante, y asumimos el reto de continuar brindado mejor servicio y m\u00e1s calidad como ya todos nuestros clientes conocen\u201d, <\/em><\/strong>ha a\u00f1adido el ejecutivo.<\/p>\n<p style=\"text-align: justify;\"><strong>Sobre DAVID\u2019S Uniformes y Bordados <\/strong><\/p>\n<p style=\"text-align: justify;\">Como parte del grupo empresarial fundado en 1990 por David Paniagua, en el a\u00f1o 2017 se crea una nueva marca que define uno de los servicios m\u00e1s innovadores de David Foto Color, David\u2019s.<img decoding=\"async\" class=\"size-medium wp-image-5838 alignright lazyload\" data-src=\"https:\/\/defrentealaverdad.com\/wp-content\/uploads\/2023\/07\/WhatsApp-Image-2023-07-12-at-14.15.11-1-300x225.jpeg\" alt=\"\" width=\"300\" height=\"225\" data-srcset=\"https:\/\/defrentealaverdad.com\/wp-content\/uploads\/2023\/07\/WhatsApp-Image-2023-07-12-at-14.15.11-1-300x225.jpeg 300w, https:\/\/defrentealaverdad.com\/wp-content\/uploads\/2023\/07\/WhatsApp-Image-2023-07-12-at-14.15.11-1-1024x768.jpeg 1024w, https:\/\/defrentealaverdad.com\/wp-content\/uploads\/2023\/07\/WhatsApp-Image-2023-07-12-at-14.15.11-1-768x576.jpeg 768w, https:\/\/defrentealaverdad.com\/wp-content\/uploads\/2023\/07\/WhatsApp-Image-2023-07-12-at-14.15.11-1-720x540.jpeg 720w, https:\/\/defrentealaverdad.com\/wp-content\/uploads\/2023\/07\/WhatsApp-Image-2023-07-12-at-14.15.11-1.jpeg 1280w\" data-sizes=\"(max-width: 300px) 100vw, 300px\" src=\"data:image\/svg+xml;base64,PHN2ZyB3aWR0aD0iMSIgaGVpZ2h0PSIxIiB4bWxucz0iaHR0cDovL3d3dy53My5vcmcvMjAwMC9zdmciPjwvc3ZnPg==\" style=\"--smush-placeholder-width: 300px; --smush-placeholder-aspect-ratio: 300\/225;\" \/><\/p>\n<p style=\"text-align: justify;\">A trav\u00e9s de este nuevo departamento incursionamos en el \u00e1rea de textiles implementando t\u00e9cnicas de sublimaci\u00f3n, bordado y transfer, Serigraf\u00eda y Vinyl textil. La novedosa t\u00e9cnica de sublimaci\u00f3n nos permite plasmar en tela, metal y cer\u00e1mica cualquier dise\u00f1o que podamos imaginar.<\/p>\n<p style=\"text-align: justify;\">\u00a0Este departamento se ha posicionado en el gusto popular, por su participaci\u00f3n en la elaboraci\u00f3n de art\u00edculos promocionales tales como: termos, vasos, tazas, rompecabezas, entre otros. Por medio de las maquinarias de costura y sublimaci\u00f3n que tenemos, hemos marcado tendencia en las prendas de vestir de quienes nos prefieren, ya que hemos trabajado uniformes para empresas, clubes deportivos y promociones de centros educativos.<\/p>\n<p style=\"text-align: justify;\">\n<p style=\"text-align: justify;\">Fuente: RR.PP. Angela Rodr\u00edguez<\/p>\n","protected":false},"excerpt":{"rendered":"<p>Higuey, La Altagracia- La empresa DAVID\u2019S Uniformes y Bordados, quien es l\u00edder personalizaci\u00f3n de art\u00edculos<\/p>\n","protected":false},"author":1,"featured_media":0,"comment_status":"open","ping_status":"open","sticky":false,"template":"","format":"standard","meta":{"footnotes":""},"categories":[2,7],"tags":[],"class_list":["post-5834","post","type-post","status-publish","format-standard","hentry","category-economicas","category-nacionales"],"_links":{"self":[{"href":"https:\/\/defrentealaverdad.com\/index.php\/wp-json\/wp\/v2\/posts\/5834","targetHints":{"allow":["GET"]}}],"collection":[{"href":"https:\/\/defrentealaverdad.com\/index.php\/wp-json\/wp\/v2\/posts"}],"about":[{"href":"https:\/\/defrentealaverdad.com\/index.php\/wp-json\/wp\/v2\/types\/post"}],"author":[{"embeddable":true,"href":"https:\/\/defrentealaverdad.com\/index.php\/wp-json\/wp\/v2\/users\/1"}],"replies":[{"embeddable":true,"href":"https:\/\/defrentealaverdad.com\/index.php\/wp-json\/wp\/v2\/comments?post=5834"}],"version-history":[{"count":2,"href":"https:\/\/defrentealaverdad.com\/index.php\/wp-json\/wp\/v2\/posts\/5834\/revisions"}],"predecessor-version":[{"id":5840,"href":"https:\/\/defrentealaverdad.com\/index.php\/wp-json\/wp\/v2\/posts\/5834\/revisions\/5840"}],"wp:attachment":[{"href":"https:\/\/defrentealaverdad.com\/index.php\/wp-json\/wp\/v2\/media?parent=5834"}],"wp:term":[{"taxonomy":"category","embeddable":true,"href":"https:\/\/defrentealaverdad.com\/index.php\/wp-json\/wp\/v2\/categories?post=5834"},{"taxonomy":"post_tag","embeddable":true,"href":"https:\/\/defrentealaverdad.com\/index.php\/wp-json\/wp\/v2\/tags?post=5834"}],"curies":[{"name":"wp","href":"https:\/\/api.w.org\/{rel}","templated":true}]}}