{"id":5832,"date":"2023-07-11T14:42:06","date_gmt":"2023-07-11T14:42:06","guid":{"rendered":"https:\/\/defrentealaverdad.com\/?p=5832"},"modified":"2023-07-11T14:42:06","modified_gmt":"2023-07-11T14:42:06","slug":"sismo-de-magnitud-6-6-cerca-de-antillas-menores-se-siente-en-pr-y-rd","status":"publish","type":"post","link":"https:\/\/defrentealaverdad.com\/index.php\/2023\/07\/11\/sismo-de-magnitud-6-6-cerca-de-antillas-menores-se-siente-en-pr-y-rd\/","title":{"rendered":"Sismo de magnitud 6.6, cerca de Antillas Menores, se siente en PR y RD"},"content":{"rendered":"<p><img decoding=\"async\" class=\"alignleft lazyload\" data-src=\"https:\/\/imagenes.listindiario.com\/files\/main_image\/uploads\/2023\/07\/10\/64ac720c8021e.png\" alt=\"El sismo fue al noreste de Rep\u00fablica Dominicana y Puerto Rico\/ USGS\" width=\"439\" height=\"215\" src=\"data:image\/svg+xml;base64,PHN2ZyB3aWR0aD0iMSIgaGVpZ2h0PSIxIiB4bWxucz0iaHR0cDovL3d3dy53My5vcmcvMjAwMC9zdmciPjwvc3ZnPg==\" style=\"--smush-placeholder-width: 439px; --smush-placeholder-aspect-ratio: 439\/215;\" \/><\/p>\n<p style=\"line-height: 24pt; margin: 0cm 0cm 15pt; text-align: justify;\"><span style=\"color: black;\">Un sismo de magnitud 6.6 en escala de Ritcher, que se produjo a 643 kil\u00f3metros al noreste de Puerto Rico, tambi\u00e9n fue sentido en territorio dominicano, de acuerdo con reportes en redes sociales.<\/span><\/p>\n<p style=\"line-height: 24pt; margin: 0cm 0cm 15pt; text-align: justify;\"><span style=\"color: black;\">El terremoto ocurri\u00f3 a las <b style=\"box-sizing: border-box;\">4:28 de la tarde\u00a0<\/b>y tuvo epicentro en el oc\u00e9ano Atl\u00e1ntico a diez kil\u00f3metros de profundidad, cerca de las Antillas Menores, en espec\u00edfico de la isla Antigua y Barbuda.<\/span><\/p>\n<p style=\"margin: 0cm; line-height: 24pt; box-sizing: border-box; font-stretch: normal; font-variant-ligatures: normal; font-variant-caps: normal; orphans: 2; widows: 2; -webkit-text-stroke-width: 0px; text-decoration-thickness: initial; text-decoration-style: initial; text-decoration-color: initial; word-spacing: 0px; text-align: justify;\"><span style=\"color: black;\">La informaci\u00f3n fue confirmada\u00a0<b style=\"box-sizing: border-box;\">por el Servicio Geol\u00f3gico de Estados Unidos (USGS, por sus siglas en ingl\u00e9s). <\/b><\/span><span style=\"color: black;\">Hasta el momento no se han reportado lesionados.<\/span><\/p>\n<p>&nbsp;<\/p>\n<p>Fuente: Listin Diario<\/p>\n","protected":false},"excerpt":{"rendered":"<p>Un sismo de magnitud 6.6 en escala de Ritcher, que se produjo a 643 kil\u00f3metros<\/p>\n","protected":false},"author":2,"featured_media":0,"comment_status":"open","ping_status":"open","sticky":false,"template":"","format":"standard","meta":{"footnotes":""},"categories":[16],"tags":[],"class_list":["post-5832","post","type-post","status-publish","format-standard","hentry","category-internacionales"],"_links":{"self":[{"href":"https:\/\/defrentealaverdad.com\/index.php\/wp-json\/wp\/v2\/posts\/5832","targetHints":{"allow":["GET"]}}],"collection":[{"href":"https:\/\/defrentealaverdad.com\/index.php\/wp-json\/wp\/v2\/posts"}],"about":[{"href":"https:\/\/defrentealaverdad.com\/index.php\/wp-json\/wp\/v2\/types\/post"}],"author":[{"embeddable":true,"href":"https:\/\/defrentealaverdad.com\/index.php\/wp-json\/wp\/v2\/users\/2"}],"replies":[{"embeddable":true,"href":"https:\/\/defrentealaverdad.com\/index.php\/wp-json\/wp\/v2\/comments?post=5832"}],"version-history":[{"count":1,"href":"https:\/\/defrentealaverdad.com\/index.php\/wp-json\/wp\/v2\/posts\/5832\/revisions"}],"predecessor-version":[{"id":5833,"href":"https:\/\/defrentealaverdad.com\/index.php\/wp-json\/wp\/v2\/posts\/5832\/revisions\/5833"}],"wp:attachment":[{"href":"https:\/\/defrentealaverdad.com\/index.php\/wp-json\/wp\/v2\/media?parent=5832"}],"wp:term":[{"taxonomy":"category","embeddable":true,"href":"https:\/\/defrentealaverdad.com\/index.php\/wp-json\/wp\/v2\/categories?post=5832"},{"taxonomy":"post_tag","embeddable":true,"href":"https:\/\/defrentealaverdad.com\/index.php\/wp-json\/wp\/v2\/tags?post=5832"}],"curies":[{"name":"wp","href":"https:\/\/api.w.org\/{rel}","templated":true}]}}