{"id":5830,"date":"2023-07-11T14:34:15","date_gmt":"2023-07-11T14:34:15","guid":{"rendered":"https:\/\/defrentealaverdad.com\/?p=5830"},"modified":"2023-07-11T14:34:15","modified_gmt":"2023-07-11T14:34:15","slug":"abinader-crea-mediante-decreto-301-23-reglamento-crea-la-carrera-del-agente-de-la-dncd","status":"publish","type":"post","link":"https:\/\/defrentealaverdad.com\/index.php\/2023\/07\/11\/abinader-crea-mediante-decreto-301-23-reglamento-crea-la-carrera-del-agente-de-la-dncd\/","title":{"rendered":"Abinader crea mediante decreto 301-23 reglamento crea la Carrera del Agente de la DNCD"},"content":{"rendered":"<p style=\"text-align: justify;\">Por Felix Rubio<\/p>\n<p style=\"text-align: justify;\"><img decoding=\"async\" class=\"aligncenter lazyload\" data-src=\"https:\/\/www.diariodigital.com.do\/wp-content\/uploads\/2019\/03\/dncd-e1552176101676.jpg\" alt=\"Detienen mujer italiana a con 4 kilos de coca\u00edna llevaba a Espa\u00f1a\" src=\"data:image\/svg+xml;base64,PHN2ZyB3aWR0aD0iMSIgaGVpZ2h0PSIxIiB4bWxucz0iaHR0cDovL3d3dy53My5vcmcvMjAwMC9zdmciPjwvc3ZnPg==\" \/><\/p>\n<p style=\"text-align: justify;\">Santo Domingo. \u2013 El presidente Luis Abinader, mediante el decreto 301-23 emiti\u00f3 el reglamento que crea la Carrera del Agente de la Direcci\u00f3n Nacional de Control de Drogas (DNCD), como carrera administrativa especial dirigida al personal operativo y auxiliar de la DNCD que no proviene de las Fuerzas Armadas o de la Polic\u00eda Nacional.<\/p>\n<p style=\"text-align: justify;\">Con esta disposici\u00f3n se corrige el precario r\u00e9gimen laboral al que desde hace d\u00e9cadas han estado sometidos aquellos civiles que, como complemento a los efectivos militares y policiales, forman parte del organismo antidrogas.<\/p>\n<p style=\"text-align: justify;\">El reglamento regula la escala jer\u00e1rquica, determinando los requisitos de ingreso, nombramiento, ascenso, traslado, desarrollo profesional, compensaciones, incentivos, retiro, t\u00e9rmino y dem\u00e1s aspectos de la carrera.<\/p>\n<p style=\"text-align: justify;\">Adem\u00e1s, se detallan los criterios para la evaluaci\u00f3n del desempe\u00f1o, herramienta indispensable para determinar la permanencia, ascenso y separaci\u00f3n de un agente de carrera.<\/p>\n<p style=\"text-align: justify;\">De conformidad con el emitido reglamento, el r\u00e9gimen \u00e9tico y disciplinario de todo agente de carrera de la DNCD estar\u00e1 regido por las normativas establecidas en la Ley n\u00fam. 50-88, sobre Drogas y Sustancias Controladas de la Rep\u00fablica Dominicana, en la Ley n\u00fam. 41-08, de Funci\u00f3n P\u00fablica, y en el C\u00f3digo de \u00c9tica Institucional de la DNCD.<\/p>\n<p style=\"text-align: justify;\">Del mismo modo, se dispone que los actuales miembros de la DNCD que, al momento de entrar en vigencia el reglamento, se encuentren laborando en la instituci\u00f3n sin provenir de las Fuerzas Armadas o de la Polic\u00eda Nacional, para ingresar a la carrera de la DNCD, deber\u00e1n haber cumplido con los requisitos y pruebas establecidas en el Reglamento.<\/p>\n<p style=\"text-align: justify;\">La creaci\u00f3n de esta carrera administrativa especializada tiene como fundamento el art\u00edculo 6 de la Ley de Funci\u00f3n P\u00fablica que permite al presidente de la Rep\u00fablica, previo visto bueno del Ministerio de Administraci\u00f3n P\u00fablica (MAP), crear carreras administrativas especiales en aquellos \u00f3rganos de la Administraci\u00f3n p\u00fablica central y en las entidades descentralizada.<\/p>\n<p style=\"text-align: justify;\">Esta decisi\u00f3n del presidente Abinader representa un importante paso en la mejora de las condiciones laborales de todos aquellos civiles que d\u00eda tras d\u00eda arriesgan sus vidas en el combate frontal al flagelo de las drogas.<\/p>\n<p style=\"text-align: justify;\">\n<p style=\"text-align: justify;\">Fuente: Prensa DNCD<\/p>\n<p style=\"text-align: justify;\">\n","protected":false},"excerpt":{"rendered":"<p>Por Felix Rubio Santo Domingo. \u2013 El presidente Luis Abinader, mediante el decreto 301-23 emiti\u00f3<\/p>\n","protected":false},"author":2,"featured_media":0,"comment_status":"open","ping_status":"open","sticky":false,"template":"","format":"standard","meta":{"footnotes":""},"categories":[7],"tags":[],"class_list":["post-5830","post","type-post","status-publish","format-standard","hentry","category-nacionales"],"_links":{"self":[{"href":"https:\/\/defrentealaverdad.com\/index.php\/wp-json\/wp\/v2\/posts\/5830","targetHints":{"allow":["GET"]}}],"collection":[{"href":"https:\/\/defrentealaverdad.com\/index.php\/wp-json\/wp\/v2\/posts"}],"about":[{"href":"https:\/\/defrentealaverdad.com\/index.php\/wp-json\/wp\/v2\/types\/post"}],"author":[{"embeddable":true,"href":"https:\/\/defrentealaverdad.com\/index.php\/wp-json\/wp\/v2\/users\/2"}],"replies":[{"embeddable":true,"href":"https:\/\/defrentealaverdad.com\/index.php\/wp-json\/wp\/v2\/comments?post=5830"}],"version-history":[{"count":1,"href":"https:\/\/defrentealaverdad.com\/index.php\/wp-json\/wp\/v2\/posts\/5830\/revisions"}],"predecessor-version":[{"id":5831,"href":"https:\/\/defrentealaverdad.com\/index.php\/wp-json\/wp\/v2\/posts\/5830\/revisions\/5831"}],"wp:attachment":[{"href":"https:\/\/defrentealaverdad.com\/index.php\/wp-json\/wp\/v2\/media?parent=5830"}],"wp:term":[{"taxonomy":"category","embeddable":true,"href":"https:\/\/defrentealaverdad.com\/index.php\/wp-json\/wp\/v2\/categories?post=5830"},{"taxonomy":"post_tag","embeddable":true,"href":"https:\/\/defrentealaverdad.com\/index.php\/wp-json\/wp\/v2\/tags?post=5830"}],"curies":[{"name":"wp","href":"https:\/\/api.w.org\/{rel}","templated":true}]}}