{"id":5816,"date":"2023-07-11T14:21:08","date_gmt":"2023-07-11T14:21:08","guid":{"rendered":"https:\/\/defrentealaverdad.com\/?p=5816"},"modified":"2023-07-11T14:21:14","modified_gmt":"2023-07-11T14:21:14","slug":"escuelas-vocacionales-e-intrant-cierran-con-exito-jornada-capacitacion","status":"publish","type":"post","link":"https:\/\/defrentealaverdad.com\/index.php\/2023\/07\/11\/escuelas-vocacionales-e-intrant-cierran-con-exito-jornada-capacitacion\/","title":{"rendered":"Escuelas Vocacionales e INTRANT cierran con \u00e9xito jornada capacitaci\u00f3n"},"content":{"rendered":"<p>Por Felix Rubio<\/p>\n<p style=\"text-align: justify;\"><a href=\"https:\/\/blogger.googleusercontent.com\/img\/b\/R29vZ2xl\/AVvXsEhROph75dbyHe-SxtZm43CpZJ4TOh582Rjtg9598yPNrnkAyS_2WGgGbdvP1v7Vx4O1l4f5WOKRF91HUZnHC3cvn_UrsLjnVJrOCVlu-MTkPNCMjNsocvf-6muh35gBTpnK_nBHhN2HZxWi97pSKD1RBxwbEddwun0jhcWy5i-9bSu7wJFjwBsCoh0XPGA\/s1128\/IMG-20230710-WA0153.jpg\"><img decoding=\"async\" class=\"alignleft lazyload\" data-src=\"https:\/\/blogger.googleusercontent.com\/img\/b\/R29vZ2xl\/AVvXsEhROph75dbyHe-SxtZm43CpZJ4TOh582Rjtg9598yPNrnkAyS_2WGgGbdvP1v7Vx4O1l4f5WOKRF91HUZnHC3cvn_UrsLjnVJrOCVlu-MTkPNCMjNsocvf-6muh35gBTpnK_nBHhN2HZxWi97pSKD1RBxwbEddwun0jhcWy5i-9bSu7wJFjwBsCoh0XPGA\/s320\/IMG-20230710-WA0153.jpg\" width=\"320\" height=\"213\" border=\"0\" data-original-height=\"752\" data-original-width=\"1128\" src=\"data:image\/svg+xml;base64,PHN2ZyB3aWR0aD0iMSIgaGVpZ2h0PSIxIiB4bWxucz0iaHR0cDovL3d3dy53My5vcmcvMjAwMC9zdmciPjwvc3ZnPg==\" style=\"--smush-placeholder-width: 320px; --smush-placeholder-aspect-ratio: 320\/213;\" \/><\/a>Santo Domingo: La Direcci\u00f3n General de las Escuelas Vocacionales de las Fuerzas Armadas y de la Polic\u00eda Nacional (DIGEV) cerr\u00f3 con \u00e9xito este fin de semana el curso taller de \u201cProfesionalizaci\u00f3n para Conductores\u201d donde fueron certificados decenas de instructores de conducci\u00f3n de veh\u00edculos que laboran en las 30 escuelas vocacionales de la instituci\u00f3n diseminadas en todo el territorio nacional.<\/p>\n<p style=\"text-align: justify;\">El entrenamiento intensivo que tuvo una duraci\u00f3n de cuatro semanas, tiene como finalidad proveer a los participantes las herramientas y conocimientos m\u00e1s actualizados sobre la tem\u00e1tica, para que as\u00ed estos se conviertan en multiplicadores en sus espacios acad\u00e9micos y en todo el pa\u00eds.<\/p>\n<p style=\"text-align: justify;\">Mediante comunicado de prensa, la DIGEV destaca que un total 47 instructores fueron\u00a0 \u00a0certificados en esta primera etapa, en el manejo de temas como fundamento y alcance de Ley 63-17 de Tr\u00e1nsito y Movilidad en el pa\u00eds, seguridad vial y compromiso ciudadano, estrategias y f\u00f3rmulas de manejo defensivo y t\u00e9cnicas y procedimientos de primeros auxilios, entre otros.<\/p>\n<p style=\"text-align: justify;\">El acto de cierre de la actividad docente fue encabezado por el director general de las Escuelas Vocacionales de las Fuerzas Armadas y de la Polic\u00eda Nacional (DIGEV), Mayor General ERD., Juan Jos\u00e9 Ota\u00f1o Jim\u00e9nez; y el director general de la Escuela Nacional de Educaci\u00f3n Vial del Instituto de Tr\u00e1nsito y Transporte Terrestre (INTRANT), Jonathan Cabral.<\/p>\n<div class=\"separator\" style=\"text-align: justify;\"><\/div>\n<div class=\"separator\" style=\"text-align: justify;\"><a href=\"https:\/\/blogger.googleusercontent.com\/img\/b\/R29vZ2xl\/AVvXsEgg1o__rc8i8XfejuYJX5NRGDOfMBDkKZJZLOJ-x4xuA-D6UOxVe6jc5XCspJSYBYLcQUUEkujTUhkgBOxNfZBAedKtXD-qOCAXR77dFeAUj-mvJOm8AFV4CyF1firHRA6Slunz61HiLoeTQxOhgwyGCzpT2prnFtwFXPZ7_dvK9nMrcujcNp0Y2UEGLO8\/s1128\/IMG-20230710-WA0150.jpg\"><img decoding=\"async\" class=\"alignright lazyload\" data-src=\"https:\/\/blogger.googleusercontent.com\/img\/b\/R29vZ2xl\/AVvXsEgg1o__rc8i8XfejuYJX5NRGDOfMBDkKZJZLOJ-x4xuA-D6UOxVe6jc5XCspJSYBYLcQUUEkujTUhkgBOxNfZBAedKtXD-qOCAXR77dFeAUj-mvJOm8AFV4CyF1firHRA6Slunz61HiLoeTQxOhgwyGCzpT2prnFtwFXPZ7_dvK9nMrcujcNp0Y2UEGLO8\/s320\/IMG-20230710-WA0150.jpg\" width=\"320\" height=\"213\" border=\"0\" data-original-height=\"752\" data-original-width=\"1128\" src=\"data:image\/svg+xml;base64,PHN2ZyB3aWR0aD0iMSIgaGVpZ2h0PSIxIiB4bWxucz0iaHR0cDovL3d3dy53My5vcmcvMjAwMC9zdmciPjwvc3ZnPg==\" style=\"--smush-placeholder-width: 320px; --smush-placeholder-aspect-ratio: 320\/213;\" \/><\/a>Resalta que los cuatros m\u00f3dulos fueron impartidos por profesionales y facilitadores de la Escuela Nacional de Educaci\u00f3n Vial del Instituto de Tr\u00e1nsito y Transporte Terrestre (INTRANT), Beirut Guzm\u00e1n Mej\u00eda, Evelin D\u00edaz, as\u00ed como Javi Antonio Ortega.<\/div>\n<p style=\"text-align: justify;\">El acto de cierre del referido taller, el cual se llev\u00f3 a cabo en las instalaciones de la Sede Central de las Escuelas Vocacionales, en el municipio Santo Domingo Este, estuvieron presente, adem\u00e1s, el asesor t\u00e9cnico de la DIGEV, General de Brigada (r) FAD; Fernando Antonio Flori\u00e1n Urb\u00e1ez; el inspector de la Escuela Vocacional de Santo Domingo Este, Coronel ERD., Manuel Antonio Carrasco; as\u00ed como otros funcionarios y empleados de las escuelas vocacionales, el Intrant y el Programa Dominicana Digna.<\/p>\n<p style=\"text-align: justify;\">Al ponderar la actividad, el director general de la DIGEV, Mayor General ERD., Ota\u00f1o Jim\u00e9nez manifest\u00f3 que esa capacitaci\u00f3n a docentes forma parte del programa de formaci\u00f3n continua que viene desarrollando la instituci\u00f3n en todas las escuelas vocacionales del pa\u00eds. Inst\u00f3 a los instructores capacitarse cada d\u00eda m\u00e1s y agradeci\u00f3 al se\u00f1or director del INTRANT, Hugo Beras, por las facilidades brindadas para la realizaci\u00f3n del citado taller.<\/p>\n<p style=\"text-align: justify;\">\n<p style=\"text-align: justify;\">Fuente: Dir. Comunicaciones INTRANT<\/p>\n<p>&nbsp;<\/p>\n","protected":false},"excerpt":{"rendered":"<p>Por Felix Rubio Santo Domingo: La Direcci\u00f3n General de las Escuelas Vocacionales de las Fuerzas<\/p>\n","protected":false},"author":1,"featured_media":0,"comment_status":"open","ping_status":"open","sticky":false,"template":"","format":"standard","meta":{"footnotes":""},"categories":[7],"tags":[],"class_list":["post-5816","post","type-post","status-publish","format-standard","hentry","category-nacionales"],"_links":{"self":[{"href":"https:\/\/defrentealaverdad.com\/index.php\/wp-json\/wp\/v2\/posts\/5816","targetHints":{"allow":["GET"]}}],"collection":[{"href":"https:\/\/defrentealaverdad.com\/index.php\/wp-json\/wp\/v2\/posts"}],"about":[{"href":"https:\/\/defrentealaverdad.com\/index.php\/wp-json\/wp\/v2\/types\/post"}],"author":[{"embeddable":true,"href":"https:\/\/defrentealaverdad.com\/index.php\/wp-json\/wp\/v2\/users\/1"}],"replies":[{"embeddable":true,"href":"https:\/\/defrentealaverdad.com\/index.php\/wp-json\/wp\/v2\/comments?post=5816"}],"version-history":[{"count":2,"href":"https:\/\/defrentealaverdad.com\/index.php\/wp-json\/wp\/v2\/posts\/5816\/revisions"}],"predecessor-version":[{"id":5818,"href":"https:\/\/defrentealaverdad.com\/index.php\/wp-json\/wp\/v2\/posts\/5816\/revisions\/5818"}],"wp:attachment":[{"href":"https:\/\/defrentealaverdad.com\/index.php\/wp-json\/wp\/v2\/media?parent=5816"}],"wp:term":[{"taxonomy":"category","embeddable":true,"href":"https:\/\/defrentealaverdad.com\/index.php\/wp-json\/wp\/v2\/categories?post=5816"},{"taxonomy":"post_tag","embeddable":true,"href":"https:\/\/defrentealaverdad.com\/index.php\/wp-json\/wp\/v2\/tags?post=5816"}],"curies":[{"name":"wp","href":"https:\/\/api.w.org\/{rel}","templated":true}]}}