{"id":5702,"date":"2023-07-04T16:52:33","date_gmt":"2023-07-04T16:52:33","guid":{"rendered":"https:\/\/defrentealaverdad.com\/?p=5702"},"modified":"2023-07-05T16:56:29","modified_gmt":"2023-07-05T16:56:29","slug":"el-taliban-ordena-el-cierre-de-todos-los-salones-de-belleza-y-peluquerias-en-afganistan","status":"publish","type":"post","link":"https:\/\/defrentealaverdad.com\/index.php\/2023\/07\/04\/el-taliban-ordena-el-cierre-de-todos-los-salones-de-belleza-y-peluquerias-en-afganistan\/","title":{"rendered":"El Talib\u00e1n ordena el cierre de todos los salones de belleza y peluquer\u00edas en Afganist\u00e1n"},"content":{"rendered":"<p style=\"text-align: justify;\">El Talib\u00e1n orden\u00f3 el cierre de los salones de belleza y peluquer\u00edas en Afganist\u00e1n, la m\u00e1s reciente restricci\u00f3n que sufren las mujeres.<\/p>\n<p>La medida fue ejecutada tras la orden del l\u00edder supremo de los talibanes, el mul\u00e1 Mawlawi Haibatullah Akhundzada. Este veto, otro m\u00e1s que se a\u00f1ade a la lista de prohibiciones impuestas a las afganas desde la llegada al poder de los talibanes en agosto de 2021, supone tambi\u00e9n una p\u00e9rdida importante de las pocas fuentes de ingresos.<\/p>\n<p style=\"text-align: justify;\"><img decoding=\"async\" class=\"aligncenter lazyload\" data-src=\"https:\/\/ichef.bbci.co.uk\/news\/800\/cpsprodpb\/ee90\/live\/4fc1c430-1b26-11ee-b389-5767055a6450.jpg\" src=\"data:image\/svg+xml;base64,PHN2ZyB3aWR0aD0iMSIgaGVpZ2h0PSIxIiB4bWxucz0iaHR0cDovL3d3dy53My5vcmcvMjAwMC9zdmciPjwvc3ZnPg==\" \/><\/p>\n<p style=\"text-align: justify;\">Detr\u00e1s de muchas de estas regulaciones contra las mujeres se encuentra el todopoderoso Ministerio de Promoci\u00f3n de la Virtud y la Prevenci\u00f3n del Vicio, una instituci\u00f3n que entr\u00f3 en vigor durante el primer r\u00e9gimen talib\u00e1n y se extingui\u00f3 con la invasi\u00f3n estadounidense, quedando en un mal recuerdo para los afganos durante los siguientes 20 a\u00f1os.<\/p>\n<p style=\"text-align: justify;\">Con la vuelta al poder de los talibanes hace casi dos a\u00f1os, la instituci\u00f3n regres\u00f3, instal\u00e1ndose, precisamente, en el ahora extinto Ministerio de la Mujer.<\/p>\n<p style=\"text-align: justify;\">El portavoz del Ministerio de la Prevenci\u00f3n del Vicio y Promoci\u00f3n de la Virtud le dijo a la BBC que los negocios de esta \u00edndole ten\u00edan un mes para cumplir con esta nueva normativa a partir del\u00a0<strong>2 de julio<\/strong>, cuando se les inform\u00f3 la decisi\u00f3n.<\/p>\n<p style=\"text-align: justify;\">Las libertades de las mujeres se han visto dr\u00e1sticamente reducidas desde que el\u00a0<strong>Talib\u00e1n tom\u00f3 el poder en 2021.<\/strong><\/p>\n<p style=\"text-align: justify;\">\n<p style=\"text-align: justify;\">Fuente: BBC<\/p>\n","protected":false},"excerpt":{"rendered":"<p>El Talib\u00e1n orden\u00f3 el cierre de los salones de belleza y peluquer\u00edas en Afganist\u00e1n, la<\/p>\n","protected":false},"author":4,"featured_media":0,"comment_status":"open","ping_status":"open","sticky":false,"template":"","format":"standard","meta":{"footnotes":""},"categories":[16],"tags":[],"class_list":["post-5702","post","type-post","status-publish","format-standard","hentry","category-internacionales"],"_links":{"self":[{"href":"https:\/\/defrentealaverdad.com\/index.php\/wp-json\/wp\/v2\/posts\/5702","targetHints":{"allow":["GET"]}}],"collection":[{"href":"https:\/\/defrentealaverdad.com\/index.php\/wp-json\/wp\/v2\/posts"}],"about":[{"href":"https:\/\/defrentealaverdad.com\/index.php\/wp-json\/wp\/v2\/types\/post"}],"author":[{"embeddable":true,"href":"https:\/\/defrentealaverdad.com\/index.php\/wp-json\/wp\/v2\/users\/4"}],"replies":[{"embeddable":true,"href":"https:\/\/defrentealaverdad.com\/index.php\/wp-json\/wp\/v2\/comments?post=5702"}],"version-history":[{"count":1,"href":"https:\/\/defrentealaverdad.com\/index.php\/wp-json\/wp\/v2\/posts\/5702\/revisions"}],"predecessor-version":[{"id":5703,"href":"https:\/\/defrentealaverdad.com\/index.php\/wp-json\/wp\/v2\/posts\/5702\/revisions\/5703"}],"wp:attachment":[{"href":"https:\/\/defrentealaverdad.com\/index.php\/wp-json\/wp\/v2\/media?parent=5702"}],"wp:term":[{"taxonomy":"category","embeddable":true,"href":"https:\/\/defrentealaverdad.com\/index.php\/wp-json\/wp\/v2\/categories?post=5702"},{"taxonomy":"post_tag","embeddable":true,"href":"https:\/\/defrentealaverdad.com\/index.php\/wp-json\/wp\/v2\/tags?post=5702"}],"curies":[{"name":"wp","href":"https:\/\/api.w.org\/{rel}","templated":true}]}}