{"id":5698,"date":"2023-07-04T15:55:56","date_gmt":"2023-07-04T15:55:56","guid":{"rendered":"https:\/\/defrentealaverdad.com\/?p=5698"},"modified":"2023-07-04T15:55:56","modified_gmt":"2023-07-04T15:55:56","slug":"ramon-santana-estreno-a-casa-llena-y-con-excelentes-criticas-su-mas-reciente-espectaculo-teatral-terror","status":"publish","type":"post","link":"https:\/\/defrentealaverdad.com\/index.php\/2023\/07\/04\/ramon-santana-estreno-a-casa-llena-y-con-excelentes-criticas-su-mas-reciente-espectaculo-teatral-terror\/","title":{"rendered":"Ram\u00f3n Santana estren\u00f3 a casa llena y con excelentes cr\u00edticas su m\u00e1s reciente espect\u00e1culo teatral: \u201cTerror\u201d"},"content":{"rendered":"<p><img decoding=\"async\" class=\"size-medium wp-image-5699 alignright lazyload\" data-src=\"https:\/\/defrentealaverdad.com\/wp-content\/uploads\/2023\/07\/WhatsApp-Image-2023-07-04-at-11.20.31-300x200.jpeg\" alt=\"\" width=\"300\" height=\"200\" data-srcset=\"https:\/\/defrentealaverdad.com\/wp-content\/uploads\/2023\/07\/WhatsApp-Image-2023-07-04-at-11.20.31-300x200.jpeg 300w, https:\/\/defrentealaverdad.com\/wp-content\/uploads\/2023\/07\/WhatsApp-Image-2023-07-04-at-11.20.31-768x512.jpeg 768w, https:\/\/defrentealaverdad.com\/wp-content\/uploads\/2023\/07\/WhatsApp-Image-2023-07-04-at-11.20.31.jpeg 1024w\" data-sizes=\"(max-width: 300px) 100vw, 300px\" src=\"data:image\/svg+xml;base64,PHN2ZyB3aWR0aD0iMSIgaGVpZ2h0PSIxIiB4bWxucz0iaHR0cDovL3d3dy53My5vcmcvMjAwMC9zdmciPjwvc3ZnPg==\" style=\"--smush-placeholder-width: 300px; --smush-placeholder-aspect-ratio: 300\/200;\" \/>Santo Domingo.-El pasado 30 de junio, Ram\u00f3n Santana present\u00f3 su m\u00e1s reciente proyecto teatral: \u201cTerror\u201d el cual reune a grandes figuras del teatro y la televisi\u00f3n en la Sala Ravelo del Teatro Nacional.<\/p>\n<p>La obra cuenta con un elenco de primeras figuras del espect\u00e1culo nacional e internacional, encabezados por Irving Alberti, Orestes Amador, Beba Rojas, Luvil Gonz\u00e1lez, Richard Douglas, Yanela Hern\u00e1ndez, acompa\u00f1ados por Madeline Bare, Xavier Ortiz y Nathalia Rodr\u00edguez.<\/p>\n<p>Terror es una obra del afamado escritor y abogado penalista alem\u00e1n Ferdinand Von Schirach, que ha sido un \u00e9xito en todos los pa\u00edses donde se ha presentado y en nuestro pa\u00eds al parecer no ser\u00e1 la excepci\u00f3n, pues el fin de semana de estreno estuvo a casa llena en sus tres funciones y recibi\u00f3 ovaciones de pies de parte del p\u00fablico presente.<\/p>\n<p>La obra plantea un dilema \u00e9tico y moral que pone en tela de juicio los principios fundamentales de la justicia y la dignidad humana, y cuenta con varios atractivos: la experiencia inmersiva de que el p\u00fablico entra a la cabina de un avi\u00f3n incluso con una azafata que da la bienvenida, la participaci\u00f3n del p\u00fablico como jurado, pues al final votan y seg\u00fan el veredicto la obra cuenta con dos finales alternativos. En su semana de estreno, el acusado Lars Koch fue absuelto al ser declarado INOCENTE por mayor\u00eda calificada en las tres funciones del pasado fin de semana. \u00bfCambiar\u00e1 el veredicto en las pr\u00f3ximas funciones?<\/p>\n<p>La escenograf\u00eda fue resuelta de manera magistral por el maestro Fidel L\u00f3pez, las luces a cargo de Ernesto L\u00f3pez, la musicalizaci\u00f3n de Vadir Gonz\u00e1lez y la direcci\u00f3n general de Ram\u00f3n Santana hicieron de este espect\u00e1culo m\u00e1s que una obra de teatro, una experiencia teatral.<br \/>\n<img decoding=\"async\" class=\"size-medium wp-image-5700 alignleft lazyload\" data-src=\"https:\/\/defrentealaverdad.com\/wp-content\/uploads\/2023\/07\/WhatsApp-Image-2023-07-04-at-11.20.31-1-300x200.jpeg\" alt=\"\" width=\"300\" height=\"200\" data-srcset=\"https:\/\/defrentealaverdad.com\/wp-content\/uploads\/2023\/07\/WhatsApp-Image-2023-07-04-at-11.20.31-1-300x200.jpeg 300w, https:\/\/defrentealaverdad.com\/wp-content\/uploads\/2023\/07\/WhatsApp-Image-2023-07-04-at-11.20.31-1-768x512.jpeg 768w, https:\/\/defrentealaverdad.com\/wp-content\/uploads\/2023\/07\/WhatsApp-Image-2023-07-04-at-11.20.31-1.jpeg 1024w\" data-sizes=\"(max-width: 300px) 100vw, 300px\" src=\"data:image\/svg+xml;base64,PHN2ZyB3aWR0aD0iMSIgaGVpZ2h0PSIxIiB4bWxucz0iaHR0cDovL3d3dy53My5vcmcvMjAwMC9zdmciPjwvc3ZnPg==\" style=\"--smush-placeholder-width: 300px; --smush-placeholder-aspect-ratio: 300\/200;\" \/><\/p>\n<p>\u201cTerror\u201d continuar\u00e1 desde el viernes 7 hasta el domingo 9 de julio, en tres \u00faltimas funciones. Viernes y s\u00e1bado a las 8:30 pm y el domingo a las 7:00 pm, en la Sala Ravelo del Teatro Nacional. Las entradas tienen un costo de RD$ 1750 y los estudiantes tiene un 30% de descuento, comprando directamente en la Taquilla del Teatro Nacional, Uepatickets, CCN Servicios, Supermercados Nacional y Jumbo.<\/p>\n<p>El productor cerr\u00f3 agradeciendo a los patrocinantes y colaboradores del proyecto, \u201csin ellos no ser\u00eda posible llevar a cabo un proyecto de esta envergadura\u201d, mencion\u00f3 Santana.<\/p>\n<p>Sinopsis: Un avi\u00f3n con 164 pasajeros es secuestrado por un terrorista (de ah\u00ed el t\u00edtulo de la obra, Terror). Su intenci\u00f3n es estrellarlo contra un estadio con 70.000 espectadores. Para impedirlo, un mayor del ej\u00e9rcito alem\u00e1n decide derribar el avi\u00f3n, para evitar una tragedia mayor. Ahora enfrenta un juicio donde el p\u00fablico decide si es un h\u00e9roe o un asesino, si es culpable o inocente. \u00bfLo justo es siempre lo correcto?, ese es el planteamiento de Terror.<\/p>\n<p>&nbsp;<\/p>\n<p>Fuente: Yissus Tavarez<\/p>\n","protected":false},"excerpt":{"rendered":"<p>Santo Domingo.-El pasado 30 de junio, Ram\u00f3n Santana present\u00f3 su m\u00e1s reciente proyecto teatral: \u201cTerror\u201d<\/p>\n","protected":false},"author":1,"featured_media":0,"comment_status":"open","ping_status":"open","sticky":false,"template":"","format":"standard","meta":{"footnotes":""},"categories":[6,7],"tags":[],"class_list":["post-5698","post","type-post","status-publish","format-standard","hentry","category-espectaculos","category-nacionales"],"_links":{"self":[{"href":"https:\/\/defrentealaverdad.com\/index.php\/wp-json\/wp\/v2\/posts\/5698","targetHints":{"allow":["GET"]}}],"collection":[{"href":"https:\/\/defrentealaverdad.com\/index.php\/wp-json\/wp\/v2\/posts"}],"about":[{"href":"https:\/\/defrentealaverdad.com\/index.php\/wp-json\/wp\/v2\/types\/post"}],"author":[{"embeddable":true,"href":"https:\/\/defrentealaverdad.com\/index.php\/wp-json\/wp\/v2\/users\/1"}],"replies":[{"embeddable":true,"href":"https:\/\/defrentealaverdad.com\/index.php\/wp-json\/wp\/v2\/comments?post=5698"}],"version-history":[{"count":1,"href":"https:\/\/defrentealaverdad.com\/index.php\/wp-json\/wp\/v2\/posts\/5698\/revisions"}],"predecessor-version":[{"id":5701,"href":"https:\/\/defrentealaverdad.com\/index.php\/wp-json\/wp\/v2\/posts\/5698\/revisions\/5701"}],"wp:attachment":[{"href":"https:\/\/defrentealaverdad.com\/index.php\/wp-json\/wp\/v2\/media?parent=5698"}],"wp:term":[{"taxonomy":"category","embeddable":true,"href":"https:\/\/defrentealaverdad.com\/index.php\/wp-json\/wp\/v2\/categories?post=5698"},{"taxonomy":"post_tag","embeddable":true,"href":"https:\/\/defrentealaverdad.com\/index.php\/wp-json\/wp\/v2\/tags?post=5698"}],"curies":[{"name":"wp","href":"https:\/\/api.w.org\/{rel}","templated":true}]}}