{"id":5693,"date":"2023-07-04T15:52:48","date_gmt":"2023-07-04T15:52:48","guid":{"rendered":"https:\/\/defrentealaverdad.com\/?p=5693"},"modified":"2023-07-04T15:52:48","modified_gmt":"2023-07-04T15:52:48","slug":"capacitan-alto-mando-militar-en-temas-de-gestion-publica-y-liderazgo-para-tomar-decisiones-estrategicas","status":"publish","type":"post","link":"https:\/\/defrentealaverdad.com\/index.php\/2023\/07\/04\/capacitan-alto-mando-militar-en-temas-de-gestion-publica-y-liderazgo-para-tomar-decisiones-estrategicas\/","title":{"rendered":"Capacitan alto mando militar en temas de gesti\u00f3n p\u00fablica y liderazgo para tomar decisiones estrat\u00e9gicas"},"content":{"rendered":"<div style=\"text-align: justify;\"><\/div>\n<div style=\"text-align: justify;\">\n<div class=\"separator\"><a href=\"https:\/\/blogger.googleusercontent.com\/img\/b\/R29vZ2xl\/AVvXsEguDtcxyDr2gI9VI8C71D2ZIFXiy-kdc0qAgYXueAAmVa7B-XLE5nBOvZd-uV3Bkj5aAWOgX2mKdWQiy2x-rR3AbuHub6Nrhw4Oe1FFE0by_Dar90Vwwew560ML65mr_nzdoDXDiG0ZWM6si9HNZdat0PuLEOgVft4EHjNsh8K6J8u6k-IMVTT34wh-gQg\/s1600\/IMG-20230703-WA0136.jpg\"><img decoding=\"async\" class=\"aligncenter lazyload\" data-src=\"https:\/\/blogger.googleusercontent.com\/img\/b\/R29vZ2xl\/AVvXsEguDtcxyDr2gI9VI8C71D2ZIFXiy-kdc0qAgYXueAAmVa7B-XLE5nBOvZd-uV3Bkj5aAWOgX2mKdWQiy2x-rR3AbuHub6Nrhw4Oe1FFE0by_Dar90Vwwew560ML65mr_nzdoDXDiG0ZWM6si9HNZdat0PuLEOgVft4EHjNsh8K6J8u6k-IMVTT34wh-gQg\/w400-h266\/IMG-20230703-WA0136.jpg\" width=\"400\" height=\"266\" border=\"0\" data-original-height=\"1066\" data-original-width=\"1600\" src=\"data:image\/svg+xml;base64,PHN2ZyB3aWR0aD0iMSIgaGVpZ2h0PSIxIiB4bWxucz0iaHR0cDovL3d3dy53My5vcmcvMjAwMC9zdmciPjwvc3ZnPg==\" style=\"--smush-placeholder-width: 400px; --smush-placeholder-aspect-ratio: 400\/266;\" \/><\/a><\/div>\n<p>Por Felix Rubio<\/p><\/div>\n<div style=\"text-align: justify;\"><\/div>\n<div style=\"text-align: justify;\">\n<div>SANTO DOMINGO.-Con el objetivo de reforzar las capacidades del alto mando militar de las Fuerzas Armadas en temas de gesti\u00f3n p\u00fablica y liderazgo para la toma de decisiones estrat\u00e9gicas, oficiales del estado mayor general y conjunto, directores de cuerpos especializados y dependencias del Ministerio de Defensa (MIDE), fueron capacitados en un taller en la BARNA Management School.<\/div>\n<div><\/div>\n<div>\n<div class=\"separator\"><a href=\"https:\/\/blogger.googleusercontent.com\/img\/b\/R29vZ2xl\/AVvXsEh1sUJtI7tBFCjcgvbhoyoWbcQJ4QwpdBOb0LJ0sKLDpHixDPwHcT21ozZ4jBh_1H0lXw3VEcTjXlM2SVtERPZixqNcP6y0GKTgzvwKlOzIBOcfZKC3QNh0HLFQ_zlyAO4JxQ2yslOkGPcmzuiLHJ6TpEZR2Nq5d8M68Cbg2suTerVI7tPK2JKDQZJ4Fy4\/s1600\/IMG-20230703-WA0139.jpg\"><img decoding=\"async\" class=\"alignright lazyload\" data-src=\"https:\/\/blogger.googleusercontent.com\/img\/b\/R29vZ2xl\/AVvXsEh1sUJtI7tBFCjcgvbhoyoWbcQJ4QwpdBOb0LJ0sKLDpHixDPwHcT21ozZ4jBh_1H0lXw3VEcTjXlM2SVtERPZixqNcP6y0GKTgzvwKlOzIBOcfZKC3QNh0HLFQ_zlyAO4JxQ2yslOkGPcmzuiLHJ6TpEZR2Nq5d8M68Cbg2suTerVI7tPK2JKDQZJ4Fy4\/s320\/IMG-20230703-WA0139.jpg\" width=\"320\" height=\"213\" border=\"0\" data-original-height=\"1066\" data-original-width=\"1600\" src=\"data:image\/svg+xml;base64,PHN2ZyB3aWR0aD0iMSIgaGVpZ2h0PSIxIiB4bWxucz0iaHR0cDovL3d3dy53My5vcmcvMjAwMC9zdmciPjwvc3ZnPg==\" style=\"--smush-placeholder-width: 320px; --smush-placeholder-aspect-ratio: 320\/213;\" \/><\/a><\/div>\n<p>Con el taller, realizado este s\u00e1bado en la sede de BARNA en el pa\u00eds, se cumple la intenci\u00f3n del ministro de Defensa, teniente general Carlos Luciano D\u00edaz Morfa, ERD, de educar, capacitar y entrenar a los miembros de las Fuerzas Armadas, \u201cpara seguir forjando talentos humanos capaces de ejecutar de manera \u00e1gil y efectiva las misiones encomendadas\u201d.<\/p><\/div>\n<div><\/div>\n<div>La din\u00e1mica educativa consisti\u00f3 en la selecci\u00f3n de un caso donde se diagnosticaron e identificaron alternativas basadas en criterios actuales, elaborando un plan de acci\u00f3n para contrarrestar las consecuencias relatadas en el \u201ccaso\u201d seleccionado y poner en pr\u00e1ctica estrategias que ayuden a la toma de decisiones eficaces y eficientes en la instituci\u00f3n militar.<\/div>\n<div><\/div>\n<div>\u201cDeseamos que todos los presentes tengan una experiencia agradable e interactiva, donde logren una sinergia en la resoluci\u00f3n de situaciones y\/casos aqu\u00ed expuestos\u201d, dijo en sus palabras de bienvenida, Cristina Read Piantini, directora adjunta del sector p\u00fablico de BARNA.<\/div>\n<div><\/div>\n<div>En la jornada acad\u00e9mica, gestionada a trav\u00e9s del Instituto Superior para la Defensa \u201cGeneral Juan Pablo Duarte y D\u00edez\u201d (INSUDE), se robustecieron los conocimientos para\u00a0 la gesti\u00f3n adecuada de liderazgo dentro de las filas castrenses frente a retos de car\u00e1cter estrat\u00e9gico. El taller fue impartido por el se\u00f1or Francisco Gonz\u00e1lez, director del executive MBA de BARNA.<\/div>\n<\/div>\n<div style=\"text-align: justify;\"><\/div>\n<div style=\"text-align: justify;\"><\/div>\n<div style=\"text-align: justify;\">Fuente: Direcci\u00f3n de Comunicaciones MIDE<\/div>\n<div style=\"text-align: justify;\"><\/div>\n","protected":false},"excerpt":{"rendered":"<p>Por Felix Rubio SANTO DOMINGO.-Con el objetivo de reforzar las capacidades del alto mando militar<\/p>\n","protected":false},"author":1,"featured_media":0,"comment_status":"open","ping_status":"open","sticky":false,"template":"","format":"standard","meta":{"footnotes":""},"categories":[7],"tags":[],"class_list":["post-5693","post","type-post","status-publish","format-standard","hentry","category-nacionales"],"_links":{"self":[{"href":"https:\/\/defrentealaverdad.com\/index.php\/wp-json\/wp\/v2\/posts\/5693","targetHints":{"allow":["GET"]}}],"collection":[{"href":"https:\/\/defrentealaverdad.com\/index.php\/wp-json\/wp\/v2\/posts"}],"about":[{"href":"https:\/\/defrentealaverdad.com\/index.php\/wp-json\/wp\/v2\/types\/post"}],"author":[{"embeddable":true,"href":"https:\/\/defrentealaverdad.com\/index.php\/wp-json\/wp\/v2\/users\/1"}],"replies":[{"embeddable":true,"href":"https:\/\/defrentealaverdad.com\/index.php\/wp-json\/wp\/v2\/comments?post=5693"}],"version-history":[{"count":1,"href":"https:\/\/defrentealaverdad.com\/index.php\/wp-json\/wp\/v2\/posts\/5693\/revisions"}],"predecessor-version":[{"id":5694,"href":"https:\/\/defrentealaverdad.com\/index.php\/wp-json\/wp\/v2\/posts\/5693\/revisions\/5694"}],"wp:attachment":[{"href":"https:\/\/defrentealaverdad.com\/index.php\/wp-json\/wp\/v2\/media?parent=5693"}],"wp:term":[{"taxonomy":"category","embeddable":true,"href":"https:\/\/defrentealaverdad.com\/index.php\/wp-json\/wp\/v2\/categories?post=5693"},{"taxonomy":"post_tag","embeddable":true,"href":"https:\/\/defrentealaverdad.com\/index.php\/wp-json\/wp\/v2\/tags?post=5693"}],"curies":[{"name":"wp","href":"https:\/\/api.w.org\/{rel}","templated":true}]}}