{"id":56683,"date":"2026-03-17T10:05:07","date_gmt":"2026-03-17T10:05:07","guid":{"rendered":"https:\/\/defrentealaverdad.com\/?p=56683"},"modified":"2026-03-17T14:07:48","modified_gmt":"2026-03-17T14:07:48","slug":"nace-aditop-asociacion-de-desarrolladores-inmobiliarios-y-turisticos-de-la-otra-banda-punta-can","status":"publish","type":"post","link":"https:\/\/defrentealaverdad.com\/index.php\/2026\/03\/17\/nace-aditop-asociacion-de-desarrolladores-inmobiliarios-y-turisticos-de-la-otra-banda-punta-can\/","title":{"rendered":"Nace ADITOP: Asociaci\u00f3n de Desarrolladores Inmobiliarios y Tur\u00edsticos de La Otra Banda Punta Can"},"content":{"rendered":"<p style=\"text-align: justify;\"><span style=\"text-align: justify;\"><strong>Punta Cana, Rep\u00fablica Dominicana<\/strong>\u00a0 \u2013 En un hito trascendental para el sector inmobiliario y tur\u00edstico de la regi\u00f3n Este, fue anunciada la creaci\u00f3n de la Asociaci\u00f3n de Desarrolladores Inmobiliarios y Tur\u00edsticos de La Otra Banda Punta Cana (ADITOP), una entidad que nace con el prop\u00f3sito de impulsar el desarrollo ordenado, estrat\u00e9gico y sostenible de esta emergente zona de expansi\u00f3n.<\/span><\/p>\n<p style=\"text-align: justify;\">Bajo la presidencia de Ismael Rubio Marcovich, ADITOP se proyecta como un actor clave en la consolidaci\u00f3n de La Otra Banda Punta Cana como un nuevo polo de inversi\u00f3n y crecimiento, promoviendo est\u00e1ndares de calidad, planificaci\u00f3n responsable y respeto al entorno natural.<\/p>\n<blockquote>\n<p style=\"text-align: center;\">\u201cLa Otra Banda Punta Cana representa una oportunidad \u00fanica para la Rep\u00fablica Dominicana. Nuestro compromiso en ADITOP es guiar este desarrollo con responsabilidad, fomentando la inversi\u00f3n inteligente, la innovaci\u00f3n y la creaci\u00f3n de infraestructura que garantice calidad de vida y una oferta tur\u00edstica de clase mundial\u201d, expres\u00f3 Rubio Marcovich.<\/p>\n<\/blockquote>\n<p style=\"text-align: justify;\">La entidad est\u00e1 conformada por reconocidos empresarios, desarrolladores y representantes de importantes proyectos inmobiliarios y tur\u00edsticos de la zona, quienes integran su estructura directiva:<\/p>\n<ul>\n<li style=\"text-align: justify;\">Ismael Rubio Marcovich, presidente.<\/li>\n<\/ul>\n<ul>\n<li style=\"text-align: justify;\">Hernando G\u00f3mez, vicepresidente, representante de Cruise On Land.<\/li>\n<\/ul>\n<ul>\n<li style=\"text-align: justify;\">Joan Gonzales, secretario general, en representaci\u00f3n de Farall\u00f3n Punta Cana.<\/li>\n<\/ul>\n<ul>\n<li style=\"text-align: justify;\">Pedro Romero tesorero de ADITOP y CEO de Larimar City &amp; Resort.<\/li>\n<\/ul>\n<ul>\n<li>Rub\u00e9n Castillo, director de relaciones p\u00fablicas, CEO de INMOGEST.<\/li>\n<\/ul>\n<ul>\n<li style=\"text-align: justify;\">Juan Romero asesor inmobiliario ADITOP y CEO de Larimar City &amp; Resort.<\/li>\n<\/ul>\n<p style=\"text-align: justify;\">Durante el acto de lanzamiento, el alcalde del Distrito Municipal de La Otra Banda, Alexander \u201cEl Hijo del Pueblo\u201d, reafirm\u00f3 su compromiso con el impulso del desarrollo tur\u00edstico y urban\u00edstico de la zona, destacando su rol como promotor de importantes iniciativas orientadas al crecimiento sostenible del territorio.<\/p>\n<p style=\"text-align: justify;\">El Hijo del Pueblo\u201d reiter\u00f3 su disposici\u00f3n de seguir colaborando estrechamente con iniciativas como ADITOP, convencido de que la articulaci\u00f3n entre autoridades y desarrolladores es clave para consolidar a La Otra Banda como un destino tur\u00edstico y residencial de referencia en la regi\u00f3n Este del pa\u00eds.<\/p>\n<p style=\"text-align: justify;\">ADITOP agrupa a los principales actores del desarrollo inmobiliario en La Otra Banda, todos comprometidos con una visi\u00f3n com\u00fan orientada al crecimiento sostenible y la creaci\u00f3n de valor a largo plazo.<\/p>\n<p style=\"text-align: justify;\">Entre sus objetivos estrat\u00e9gicos destacan fomentar la colaboraci\u00f3n entre desarrolladores, establecer directrices de calidad y sostenibilidad, atraer inversi\u00f3n nacional e internacional, promover el desarrollo de infraestructura clave y servir como enlace entre el sector privado y las autoridades para fortalecer la seguridad jur\u00eddica y el desarrollo integral.<\/p>\n<p style=\"text-align: justify;\">La Otra Banda Punta Cana se perfila como la pr\u00f3xima gran frontera de expansi\u00f3n en el Este del pa\u00eds, ofreciendo un espacio propicio para la innovaci\u00f3n urban\u00edstica, el desarrollo tur\u00edstico y la inversi\u00f3n inmobiliaria. Con la creaci\u00f3n de ADITOP, se busca asegurar que este crecimiento se realice de manera planificada, preservando su riqueza natural y potenciando su atractivo como destino para vivir, invertir y vacacionar.<\/p>\n<p><strong>Sobre ADITOP<\/strong><\/p>\n<p style=\"text-align: justify;\">La Asociaci\u00f3n de Desarrolladores Inmobiliarios y Tur\u00edsticos de La Otra Banda Punta Cana (ADITOP) es una organizaci\u00f3n sin fines de lucro que agrupa a desarrolladores y actores del sector comprometidos con el desarrollo planificado y sostenible de la zona. Su misi\u00f3n es promover est\u00e1ndares de excelencia, impulsar la inversi\u00f3n y colaborar con las autoridades para posicionar a La Otra Banda como un referente de innovaci\u00f3n y desarrollo en el Caribe.<\/p>\n<p>Fuente: Prensa ADITOP<\/p>\n","protected":false},"excerpt":{"rendered":"<p>Punta Cana, Rep\u00fablica Dominicana\u00a0 \u2013 En un hito trascendental para el sector inmobiliario y tur\u00edstico<\/p>\n","protected":false},"author":1,"featured_media":56684,"comment_status":"open","ping_status":"open","sticky":false,"template":"","format":"standard","meta":{"footnotes":""},"categories":[7],"tags":[],"class_list":["post-56683","post","type-post","status-publish","format-standard","has-post-thumbnail","hentry","category-nacionales"],"_links":{"self":[{"href":"https:\/\/defrentealaverdad.com\/index.php\/wp-json\/wp\/v2\/posts\/56683","targetHints":{"allow":["GET"]}}],"collection":[{"href":"https:\/\/defrentealaverdad.com\/index.php\/wp-json\/wp\/v2\/posts"}],"about":[{"href":"https:\/\/defrentealaverdad.com\/index.php\/wp-json\/wp\/v2\/types\/post"}],"author":[{"embeddable":true,"href":"https:\/\/defrentealaverdad.com\/index.php\/wp-json\/wp\/v2\/users\/1"}],"replies":[{"embeddable":true,"href":"https:\/\/defrentealaverdad.com\/index.php\/wp-json\/wp\/v2\/comments?post=56683"}],"version-history":[{"count":1,"href":"https:\/\/defrentealaverdad.com\/index.php\/wp-json\/wp\/v2\/posts\/56683\/revisions"}],"predecessor-version":[{"id":56685,"href":"https:\/\/defrentealaverdad.com\/index.php\/wp-json\/wp\/v2\/posts\/56683\/revisions\/56685"}],"wp:featuredmedia":[{"embeddable":true,"href":"https:\/\/defrentealaverdad.com\/index.php\/wp-json\/wp\/v2\/media\/56684"}],"wp:attachment":[{"href":"https:\/\/defrentealaverdad.com\/index.php\/wp-json\/wp\/v2\/media?parent=56683"}],"wp:term":[{"taxonomy":"category","embeddable":true,"href":"https:\/\/defrentealaverdad.com\/index.php\/wp-json\/wp\/v2\/categories?post=56683"},{"taxonomy":"post_tag","embeddable":true,"href":"https:\/\/defrentealaverdad.com\/index.php\/wp-json\/wp\/v2\/tags?post=56683"}],"curies":[{"name":"wp","href":"https:\/\/api.w.org\/{rel}","templated":true}]}}