{"id":56680,"date":"2026-03-17T09:20:15","date_gmt":"2026-03-17T09:20:15","guid":{"rendered":"https:\/\/defrentealaverdad.com\/?p=56680"},"modified":"2026-03-17T12:54:48","modified_gmt":"2026-03-17T12:54:48","slug":"tueska-se-junta-con-liz-y-sacuden-el-merengue-con-pa-que-me-enamoras","status":"publish","type":"post","link":"https:\/\/defrentealaverdad.com\/index.php\/2026\/03\/17\/tueska-se-junta-con-liz-y-sacuden-el-merengue-con-pa-que-me-enamoras\/","title":{"rendered":"Tueska se junta con Liz y sacuden el merengue con \u201cPa\u2019 Que Me Enamoras\u201d"},"content":{"rendered":"<blockquote>\n<p style=\"text-align: right;\">El tema es un himno para quienes valoran su tiempo y emociones en el amor<\/p>\n<\/blockquote>\n<p style=\"text-align: justify;\"><strong>Santo Domingo, RD, marzo 2026<\/strong>. La cantante colombiana radicada en Rep\u00fablica Dominicana y adoptada por su p\u00fablico como una dominicana m\u00e1s, Tueska, presenta su nuevo sencillo \u201cPa\u2019 Que Me Enamoras\u201d, una poderosa colaboraci\u00f3n junto a la merenguera venezolana Liz, disponible en todas las plataformas digitales.<\/p>\n<p style=\"text-align: justify;\">\u201cPa\u2019 Que Me Enamoras\u201d representa una vibrante fusi\u00f3n de merengue con sonidos contempor\u00e1neos, conectando las ra\u00edces musicales de Colombia, Rep\u00fablica Dominicana y Venezuela en una propuesta fresca que celebra la diversidad cultural del Caribe y Latinoam\u00e9rica.<\/p>\n<p style=\"text-align: justify;\">La producci\u00f3n musical est\u00e1 a cargo de Mois\u00e9s S\u00e1nchez, mientras que la composici\u00f3n re\u00fane a Miguel \u201cBerra\u201d Mart\u00ednez, Xavi Castillo y la propia Tueska, quienes construyeron una historia con la que muchas personas podr\u00e1n identificarse.<\/p>\n<p style=\"text-align: justify;\">M\u00e1s que un reclamo amoroso, \u201cPa\u2019 Que Me Enamoras\u201d es una invitaci\u00f3n a reflexionar sobre las din\u00e1micas de las relaciones modernas: ese momento en el que alguien conquista, seduce y despierta sentimientos, pero no tiene la intenci\u00f3n de llevar la relaci\u00f3n m\u00e1s all\u00e1 de la etapa inicial.<\/p>\n<p style=\"text-align: justify;\">Con un coro pegajoso, energ\u00eda bailable y una interpretaci\u00f3n cargada de car\u00e1cter femenino, Tueska y Liz convierten la pregunta \u201c\u00bfPa\u2019 Que Me Enamoras?\u201d en un himno para quienes valoran su tiempo, sus emociones y la claridad en el amor.<\/p>\n<p style=\"text-align: justify;\">Este lanzamiento marca adem\u00e1s el primer sencillo de Tueska en 2026, reafirmando su apuesta por seguir aportando nuevas propuestas al merengue y expandiendo su m\u00fasica hacia audiencias internacionales.<\/p>\n<p style=\"text-align: justify;\">El sencillo ya se encuentra disponible en todas las plataformas digitales, acompa\u00f1ado de contenido audiovisual que resalta la energ\u00eda, la qu\u00edmica y la complicidad art\u00edstica entre ambas int\u00e9rpretes.<\/p>\n<p>&nbsp;<\/p>\n<p>Fuente: Prensa Tueska<\/p>\n","protected":false},"excerpt":{"rendered":"<p>El tema es un himno para quienes valoran su tiempo y emociones en el amor<\/p>\n","protected":false},"author":1,"featured_media":56681,"comment_status":"open","ping_status":"open","sticky":false,"template":"","format":"standard","meta":{"footnotes":""},"categories":[249],"tags":[],"class_list":["post-56680","post","type-post","status-publish","format-standard","has-post-thumbnail","hentry","category-farandula"],"_links":{"self":[{"href":"https:\/\/defrentealaverdad.com\/index.php\/wp-json\/wp\/v2\/posts\/56680","targetHints":{"allow":["GET"]}}],"collection":[{"href":"https:\/\/defrentealaverdad.com\/index.php\/wp-json\/wp\/v2\/posts"}],"about":[{"href":"https:\/\/defrentealaverdad.com\/index.php\/wp-json\/wp\/v2\/types\/post"}],"author":[{"embeddable":true,"href":"https:\/\/defrentealaverdad.com\/index.php\/wp-json\/wp\/v2\/users\/1"}],"replies":[{"embeddable":true,"href":"https:\/\/defrentealaverdad.com\/index.php\/wp-json\/wp\/v2\/comments?post=56680"}],"version-history":[{"count":1,"href":"https:\/\/defrentealaverdad.com\/index.php\/wp-json\/wp\/v2\/posts\/56680\/revisions"}],"predecessor-version":[{"id":56682,"href":"https:\/\/defrentealaverdad.com\/index.php\/wp-json\/wp\/v2\/posts\/56680\/revisions\/56682"}],"wp:featuredmedia":[{"embeddable":true,"href":"https:\/\/defrentealaverdad.com\/index.php\/wp-json\/wp\/v2\/media\/56681"}],"wp:attachment":[{"href":"https:\/\/defrentealaverdad.com\/index.php\/wp-json\/wp\/v2\/media?parent=56680"}],"wp:term":[{"taxonomy":"category","embeddable":true,"href":"https:\/\/defrentealaverdad.com\/index.php\/wp-json\/wp\/v2\/categories?post=56680"},{"taxonomy":"post_tag","embeddable":true,"href":"https:\/\/defrentealaverdad.com\/index.php\/wp-json\/wp\/v2\/tags?post=56680"}],"curies":[{"name":"wp","href":"https:\/\/api.w.org\/{rel}","templated":true}]}}