{"id":56677,"date":"2026-03-17T09:02:17","date_gmt":"2026-03-17T09:02:17","guid":{"rendered":"https:\/\/defrentealaverdad.com\/?p=56677"},"modified":"2026-03-17T12:51:56","modified_gmt":"2026-03-17T12:51:56","slug":"autoferia-asocivu-regresa-en-semana-santa-con-mas-de-2500-vehiculos-usados-y-facilidades-de-financiamiento","status":"publish","type":"post","link":"https:\/\/defrentealaverdad.com\/index.php\/2026\/03\/17\/autoferia-asocivu-regresa-en-semana-santa-con-mas-de-2500-vehiculos-usados-y-facilidades-de-financiamiento\/","title":{"rendered":"Autoferia ASOCIVU regresa en Semana Santa con m\u00e1s de 2,500 veh\u00edculos usados y facilidades de financiamiento"},"content":{"rendered":"<blockquote>\n<p style=\"text-align: center;\">El evento se celebrar\u00e1 en Costa del Faro, frente al Faro a Col\u00f3n, con tasas preferenciales y financiamiento de hasta un 85 % del valor del veh\u00edculo.<\/p>\n<\/blockquote>\n<p style=\"text-align: justify;\">Distrito Nacional, Rep\u00fablica Dominicana, marzo de 2026. \u2013 La Asociaci\u00f3n de Importadores de Veh\u00edculos Usados (ASOCIVU) anunci\u00f3 la celebraci\u00f3n de la cuadrag\u00e9sima sexta edici\u00f3n de su autoferia \u201cSemana Santa Montao\u2019 con ASOCIVU\u201d, que tendr\u00e1 lugar del jueves 26 al lunes 30 de marzo de 2026, en horario de 10:00 de la ma\u00f1ana a 10:00 de la noche.<\/p>\n<p style=\"text-align: justify;\">El evento se realizar\u00e1 de manera presencial en Costa del Faro, frente a los predios del Faro a Col\u00f3n, en Santo Domingo Este, donde los visitantes podr\u00e1n conocer y adquirir veh\u00edculos usados de diferentes marcas, a\u00f1os y modelos.<\/p>\n<p style=\"text-align: justify;\">Durante la feria se exhibir\u00e1 un inventario superior a 2,500 unidades, lo que la consolida como una de las principales plataformas de comercializaci\u00f3n de veh\u00edculos usados en el pa\u00eds.<\/p>\n<p style=\"text-align: justify;\">La autoferia contar\u00e1 con el respaldo de Banco BACC, Banco Confisa y Banco Fihogar, entidades que ofrecer\u00e1n tasas de inter\u00e9s competitivas y financiamientos de hasta el 85% del valor del veh\u00edculo, con plazos de hasta 72 meses, facilitando as\u00ed el acceso a distintas opciones de movilidad para los compradores.<\/p>\n<blockquote>\n<p style=\"text-align: center;\">\u201cCon esta nueva edici\u00f3n buscamos facilitar que m\u00e1s familias dominicanas puedan adquirir su veh\u00edculo en condiciones favorables, reuniendo en un solo espacio una amplia variedad de unidades y opciones de financiamiento adaptadas a las necesidades del p\u00fablico\u201d, expres\u00f3 Aramis Mella, presidente de ASOCIVU.<\/p>\n<\/blockquote>\n<p style=\"text-align: justify;\">Adem\u00e1s de la oferta vehicular, el evento contar\u00e1 con presentaciones art\u00edsticas y culturales, \u00e1reas gastron\u00f3micas, parqueos vigilados y diversas actividades para el disfrute de toda la familia, con entrada libre para el p\u00fablico.<\/p>\n<p style=\"text-align: justify;\">Los interesados tambi\u00e9n podr\u00e1n explorar el inventario disponible y solicitar financiamiento a trav\u00e9s del portal www.montao.do, as\u00ed como obtener informaci\u00f3n adicional en las redes sociales de la asociaci\u00f3n @asocivu.<\/p>\n<p style=\"text-align: justify;\">La autoferia cuenta con el patrocinio y respaldo de Banco BACC, Banco Confisa, Banco Fihogar, la Alcald\u00eda de Santo Domingo Este, HIT Puerto R\u00edo Haina, Sansouc\u00ed Puerto Santo Domingo, Accordia Shipping, NF Garant\u00edas, Seaboard Marine, Bantracking y Super Carros.<\/p>\n<p>&nbsp;<\/p>\n<p>Fuente: Prensa ASOCIVU<\/p>\n","protected":false},"excerpt":{"rendered":"<p>El evento se celebrar\u00e1 en Costa del Faro, frente al Faro a Col\u00f3n, con tasas<\/p>\n","protected":false},"author":1,"featured_media":56678,"comment_status":"open","ping_status":"open","sticky":false,"template":"","format":"standard","meta":{"footnotes":""},"categories":[7],"tags":[],"class_list":["post-56677","post","type-post","status-publish","format-standard","has-post-thumbnail","hentry","category-nacionales"],"_links":{"self":[{"href":"https:\/\/defrentealaverdad.com\/index.php\/wp-json\/wp\/v2\/posts\/56677","targetHints":{"allow":["GET"]}}],"collection":[{"href":"https:\/\/defrentealaverdad.com\/index.php\/wp-json\/wp\/v2\/posts"}],"about":[{"href":"https:\/\/defrentealaverdad.com\/index.php\/wp-json\/wp\/v2\/types\/post"}],"author":[{"embeddable":true,"href":"https:\/\/defrentealaverdad.com\/index.php\/wp-json\/wp\/v2\/users\/1"}],"replies":[{"embeddable":true,"href":"https:\/\/defrentealaverdad.com\/index.php\/wp-json\/wp\/v2\/comments?post=56677"}],"version-history":[{"count":1,"href":"https:\/\/defrentealaverdad.com\/index.php\/wp-json\/wp\/v2\/posts\/56677\/revisions"}],"predecessor-version":[{"id":56679,"href":"https:\/\/defrentealaverdad.com\/index.php\/wp-json\/wp\/v2\/posts\/56677\/revisions\/56679"}],"wp:featuredmedia":[{"embeddable":true,"href":"https:\/\/defrentealaverdad.com\/index.php\/wp-json\/wp\/v2\/media\/56678"}],"wp:attachment":[{"href":"https:\/\/defrentealaverdad.com\/index.php\/wp-json\/wp\/v2\/media?parent=56677"}],"wp:term":[{"taxonomy":"category","embeddable":true,"href":"https:\/\/defrentealaverdad.com\/index.php\/wp-json\/wp\/v2\/categories?post=56677"},{"taxonomy":"post_tag","embeddable":true,"href":"https:\/\/defrentealaverdad.com\/index.php\/wp-json\/wp\/v2\/tags?post=56677"}],"curies":[{"name":"wp","href":"https:\/\/api.w.org\/{rel}","templated":true}]}}