{"id":56671,"date":"2026-03-16T18:03:21","date_gmt":"2026-03-16T18:03:21","guid":{"rendered":"https:\/\/defrentealaverdad.com\/?p=56671"},"modified":"2026-03-16T21:22:20","modified_gmt":"2026-03-16T21:22:20","slug":"mocore-impulsa-la-justicia-climatica-con-el-primer-foro-comunitario-medio-ambiente-y-genero-en-villa-altagracia","status":"publish","type":"post","link":"https:\/\/defrentealaverdad.com\/index.php\/2026\/03\/16\/mocore-impulsa-la-justicia-climatica-con-el-primer-foro-comunitario-medio-ambiente-y-genero-en-villa-altagracia\/","title":{"rendered":"MOCORE impulsa la justicia clim\u00e1tica con el primer Foro Comunitario \u00abMedio Ambiente y G\u00e9nero\u00bb, en Villa Altagracia"},"content":{"rendered":"<p style=\"text-align: justify;\">Villa Altagracia, San Crist\u00f3bal. Con el firme prop\u00f3sito de visibilizar la intersecci\u00f3n entre la crisis clim\u00e1tica y las brechas de desigualdad, el Movimiento de Concientizaci\u00f3n y Reciclaje (MOCORE), celebr\u00f3, con \u00e9xito, su primer Foro Comunitario Multi-actor: \u201cMedio Ambiente y G\u00e9nero\u201d.<\/p>\n<p style=\"text-align: justify;\">El evento, realizado en el marco del D\u00eda Internacional de la Mujer, forma parte del proyecto \u201cTransversalizando los lentes del g\u00e9nero a favor de la justicia clim\u00e1tica, en las comunidades rurales de la Rep\u00fablica Dominicana\u201d, una iniciativa financiada por ONU MUJERES con fondos del Gobierno de Luxemburgo. Un enfoque de vulnerabilidad y resiliencia.<\/p>\n<p style=\"text-align: justify;\">Juan Carlos Rodr\u00edguez, director y fundador de MOCORE, destac\u00f3 que Villa Altagracia enfrenta desaf\u00edos cr\u00edticos, como la deforestaci\u00f3n y la gesti\u00f3n de residuos, los cuales afectan de manera desproporcionada a las poblaciones vulnerables.<\/p>\n<blockquote>\n<p style=\"text-align: center;\">\u201cLas mujeres y ni\u00f1as experimentan impactos m\u00e1s severos debido a los roles tradicionales y la desigualdad en el acceso a recursos. Este foro busca reconocer su rol fundamental como gestoras del agua y l\u00edderes comunitarias, eliminando las barreras que limitan su participaci\u00f3n en la toma de decisiones\u201d, afirm\u00f3 Rodr\u00edguez.<\/p>\n<\/blockquote>\n<p style=\"text-align: justify;\"><strong>Liderazgo y gobernanza: el panel de expertas<\/strong><\/p>\n<p>Uno de los momentos cumbres de la jornada fue el panel \u201cGobernanza Ambiental y de G\u00e9nero\u201d, donde destacadas profesionales analizaron la urgencia de pol\u00edticas p\u00fablicas inclusivas.<\/p>\n<p style=\"text-align: justify;\">A saber, Isabella del Villar Pe\u00f1a, especialista en Pol\u00edticas P\u00fablicas y encargada de Igualdad de G\u00e9nero del Ministerio de Medio Ambiente, enfatiz\u00f3 la necesidad de datos con enfoque de g\u00e9nero.<\/p>\n<blockquote>\n<p style=\"text-align: center;\">\u00abLos estudios demuestran que las mujeres son uno de los grupos m\u00e1s impactados por eventos clim\u00e1ticos extremos, por lo que es vital integrar este enfoque en las pol\u00edticas ambientales y clim\u00e1ticas\u00bb, puntualiz\u00f3.<\/p>\n<\/blockquote>\n<p style=\"text-align: justify;\">De igual manera, Hircania Veracruz S\u00e1nchez F\u00e9liz, directora de la Escuela Laboral Nuestra Se\u00f1ora de la Altagracia y experta en formaci\u00f3n educativa, extern\u00f3 que \u00abla pol\u00edtica educativa debe comenzar educando en valores, impulsando a los padres a no tirar basura y a sembrar. Ese es el camino hacia un cambio significativo\u00bb, destac\u00f3 la acad\u00e9mica.<\/p>\n<p style=\"text-align: justify;\">En ese mismo orden, Mar\u00eda Rodr\u00edguez, licenciada en Farmacia y representante del Comit\u00e9 de Medio Ambiente de CONAVIHSIDA, aport\u00f3 una visi\u00f3n t\u00e9cnica sobre la gesti\u00f3n de insumos y salud ambiental, asi como Carolin Matos, licenciada en Derecho, catedr\u00e1tica de la UNPHU y l\u00edder pol\u00edtica provincial, quien analiz\u00f3 el marco legal y la gesti\u00f3n p\u00fablica desde el territorio.<\/p>\n<p style=\"text-align: justify;\"><strong>Alianzas estrat\u00e9gicas y participaci\u00f3n local<\/strong><\/p>\n<p style=\"text-align: justify;\">La esperada actividad cont\u00f3 con la presencia institucional del alcalde de Villa Altagracia, Jos\u00e9 Miguel M\u00e9ndez Restituyo, quien respald\u00f3 el compromiso municipal con la sostenibilidad.<\/p>\n<p>Asimismo, se destac\u00f3 la ponencia magistral \u201cG\u00e9nero y Cambio Clim\u00e1tico\u201d a cargo de G\u00e9nesis Mar\u00eda Mart\u00ednez de los Santos, y la presentaci\u00f3n de avances de las tertulias comunitarias, de parte de Lisbeth Chac\u00f3n, subsecretaria de MOCORE.<\/p>\n<p style=\"text-align: justify;\">Por igual, la directiva de MOCORE extendi\u00f3 un agradecimiento profundo al equipo t\u00e9cnico y, de manera especial, a Proactividad para la Cooperaci\u00f3n y el Desarrollo Social (PROACTIVIDAD), organizaci\u00f3n representada por El\u00edas Ramos, descrito como un pilar protag\u00f3nico y estrat\u00e9gico en el crecimiento de MOCORE y en el \u00e9xito de este primer foro.<\/p>\n<p><strong>Hacia un modelo resiliente.<\/strong><\/p>\n<p style=\"text-align: justify;\">Rodr\u00edguez concluy\u00f3 reafirmando que este encuentro no es un hecho aislado, sino una ruta cr\u00edtica para cumplir con los Objetivos de Desarrollo Sostenible (ODS), promoviendo un modelo de gesti\u00f3n en Villa Altagracia que sea, ante todo, justo, resiliente e inclusivo.<\/p>\n<p>Fuente: MOCORE<\/p>\n","protected":false},"excerpt":{"rendered":"<p>Villa Altagracia, San Crist\u00f3bal. Con el firme prop\u00f3sito de visibilizar la intersecci\u00f3n entre la crisis<\/p>\n","protected":false},"author":1,"featured_media":56672,"comment_status":"open","ping_status":"open","sticky":false,"template":"","format":"standard","meta":{"footnotes":""},"categories":[7],"tags":[],"class_list":["post-56671","post","type-post","status-publish","format-standard","has-post-thumbnail","hentry","category-nacionales"],"_links":{"self":[{"href":"https:\/\/defrentealaverdad.com\/index.php\/wp-json\/wp\/v2\/posts\/56671","targetHints":{"allow":["GET"]}}],"collection":[{"href":"https:\/\/defrentealaverdad.com\/index.php\/wp-json\/wp\/v2\/posts"}],"about":[{"href":"https:\/\/defrentealaverdad.com\/index.php\/wp-json\/wp\/v2\/types\/post"}],"author":[{"embeddable":true,"href":"https:\/\/defrentealaverdad.com\/index.php\/wp-json\/wp\/v2\/users\/1"}],"replies":[{"embeddable":true,"href":"https:\/\/defrentealaverdad.com\/index.php\/wp-json\/wp\/v2\/comments?post=56671"}],"version-history":[{"count":1,"href":"https:\/\/defrentealaverdad.com\/index.php\/wp-json\/wp\/v2\/posts\/56671\/revisions"}],"predecessor-version":[{"id":56673,"href":"https:\/\/defrentealaverdad.com\/index.php\/wp-json\/wp\/v2\/posts\/56671\/revisions\/56673"}],"wp:featuredmedia":[{"embeddable":true,"href":"https:\/\/defrentealaverdad.com\/index.php\/wp-json\/wp\/v2\/media\/56672"}],"wp:attachment":[{"href":"https:\/\/defrentealaverdad.com\/index.php\/wp-json\/wp\/v2\/media?parent=56671"}],"wp:term":[{"taxonomy":"category","embeddable":true,"href":"https:\/\/defrentealaverdad.com\/index.php\/wp-json\/wp\/v2\/categories?post=56671"},{"taxonomy":"post_tag","embeddable":true,"href":"https:\/\/defrentealaverdad.com\/index.php\/wp-json\/wp\/v2\/tags?post=56671"}],"curies":[{"name":"wp","href":"https:\/\/api.w.org\/{rel}","templated":true}]}}