{"id":56662,"date":"2026-03-16T17:29:38","date_gmt":"2026-03-16T17:29:38","guid":{"rendered":"https:\/\/defrentealaverdad.com\/?p=56662"},"modified":"2026-03-16T21:13:33","modified_gmt":"2026-03-16T21:13:33","slug":"max-max-presenta-su-album-a-media-luz-con-una-gira-intima-en-republica-dominicana","status":"publish","type":"post","link":"https:\/\/defrentealaverdad.com\/index.php\/2026\/03\/16\/max-max-presenta-su-album-a-media-luz-con-una-gira-intima-en-republica-dominicana\/","title":{"rendered":"Max Max presenta su \u00e1lbum \u201cA MEDIA LUZ\u201d con una gira \u00edntima en Rep\u00fablica Dominicana"},"content":{"rendered":"<p style=\"text-align: justify;\"><strong>Santo Domingo, RD.<\/strong> Mayimba Music anuncia el lanzamiento oficial de \u201cA MEDIA LUZ\u201d, el \u00e1lbum debut del cantautor cubano Max Max, una producci\u00f3n que marca un nuevo cap\u00edtulo en su trayectoria musical y que revela la esencia de su propuesta art\u00edstica a trav\u00e9s de canciones \u00edntimas que dialogan con la tradici\u00f3n de la canci\u00f3n de autor.<\/p>\n<p style=\"text-align: justify;\">El \u00e1lbum estar\u00e1 disponible en todas las plataformas digitales a partir del 20 de marzo, fecha que tambi\u00e9n marcar\u00e1 el inicio de una serie de presentaciones especiales en Rep\u00fablica Dominicana, pa\u00eds elegido por el artista como punto de partida para presentar en vivo este nuevo proyecto.<\/p>\n<p style=\"text-align: justify;\">El int\u00e9rprete cubano Max Max, ofrecer\u00e1 una serie de conciertos en formato ac\u00fastico en distintos escenarios del pa\u00eds. Cada presentaci\u00f3n ha sido concebida como un encuentro cercano con el p\u00fablico, donde el cantautor interpretar\u00e1 las canciones del \u00e1lbum mientras comparte las historias y emociones que inspiraron esta producci\u00f3n.<\/p>\n<p style=\"text-align: justify;\">El talento interpretativo del artista se distingue por una sensibilidad mel\u00f3dica muy particular. Su voz c\u00e1lida y su estilo de composici\u00f3n se apoyan en letras introspectivas y melod\u00edas envolventes que conectan de forma natural con el p\u00fablico, construyendo una propuesta donde la emoci\u00f3n y la narrativa musical se convierten en el eje central de cada interpretaci\u00f3n.<\/p>\n<p style=\"text-align: justify;\">\u201cA MEDIA LUZ\u201d es el proyecto m\u00e1s personal de Max Max hasta la fecha. Con una propuesta que mezcla sensibilidad rom\u00e1ntica y elementos contempor\u00e1neos, el \u00e1lbum explora la emoci\u00f3n, la intimidad y la interpretaci\u00f3n como pilares de una propuesta musical aut\u00e9ntica.<\/p>\n<p>PRESENTACIONES \u201cA MEDIA LUZ\u201d<\/p>\n<p style=\"text-align: justify;\">En Santo Domingo, el artista iniciar\u00e1 el recorrido el 20 de marzo en Sabina Bar, regresar\u00e1 el 25 de marzo a Casa de Teatro, y el 27 de marzo se presentar\u00e1 en Lungomare, en una noche especial donde compartir\u00e1 escenario con la cantante dominicana Joanan Alm\u00e1nzar.<\/p>\n<p style=\"text-align: justify;\">En Santiago, Max Max actuar\u00e1 el 21 de marzo en La Taberna de Pepe y el 22 de marzo en Cielo, adem\u00e1s de una presentaci\u00f3n el 26 de marzo en Noah.<\/p>\n<p style=\"text-align: justify;\">La serie de conciertos en el pa\u00eds concluir\u00e1 el 28 de marzo en Romero, en San Francisco de Macor\u00eds.<\/p>\n<p style=\"text-align: justify;\">Con esta serie de presentaciones, Max Max no solo introduce su nueva producci\u00f3n discogr\u00e1fica, sino que tambi\u00e9n propone una experiencia musical \u00edntima que invita al p\u00fablico a escuchar, conectar y dejarse llevar por las historias que dan vida a \u201cA MEDIA LUZ\u201d.<\/p>\n<p style=\"text-align: justify;\">Tras su paso por Rep\u00fablica Dominicana, el artista continuar\u00e1 presentando el \u00e1lbum en otros escenarios de Latinoam\u00e9rica.<\/p>\n<p>Fuente: Prensa Max Max<\/p>\n","protected":false},"excerpt":{"rendered":"<p>Santo Domingo, RD. Mayimba Music anuncia el lanzamiento oficial de \u201cA MEDIA LUZ\u201d, el \u00e1lbum<\/p>\n","protected":false},"author":1,"featured_media":56663,"comment_status":"open","ping_status":"open","sticky":false,"template":"","format":"standard","meta":{"footnotes":""},"categories":[249],"tags":[],"class_list":["post-56662","post","type-post","status-publish","format-standard","has-post-thumbnail","hentry","category-farandula"],"_links":{"self":[{"href":"https:\/\/defrentealaverdad.com\/index.php\/wp-json\/wp\/v2\/posts\/56662","targetHints":{"allow":["GET"]}}],"collection":[{"href":"https:\/\/defrentealaverdad.com\/index.php\/wp-json\/wp\/v2\/posts"}],"about":[{"href":"https:\/\/defrentealaverdad.com\/index.php\/wp-json\/wp\/v2\/types\/post"}],"author":[{"embeddable":true,"href":"https:\/\/defrentealaverdad.com\/index.php\/wp-json\/wp\/v2\/users\/1"}],"replies":[{"embeddable":true,"href":"https:\/\/defrentealaverdad.com\/index.php\/wp-json\/wp\/v2\/comments?post=56662"}],"version-history":[{"count":1,"href":"https:\/\/defrentealaverdad.com\/index.php\/wp-json\/wp\/v2\/posts\/56662\/revisions"}],"predecessor-version":[{"id":56664,"href":"https:\/\/defrentealaverdad.com\/index.php\/wp-json\/wp\/v2\/posts\/56662\/revisions\/56664"}],"wp:featuredmedia":[{"embeddable":true,"href":"https:\/\/defrentealaverdad.com\/index.php\/wp-json\/wp\/v2\/media\/56663"}],"wp:attachment":[{"href":"https:\/\/defrentealaverdad.com\/index.php\/wp-json\/wp\/v2\/media?parent=56662"}],"wp:term":[{"taxonomy":"category","embeddable":true,"href":"https:\/\/defrentealaverdad.com\/index.php\/wp-json\/wp\/v2\/categories?post=56662"},{"taxonomy":"post_tag","embeddable":true,"href":"https:\/\/defrentealaverdad.com\/index.php\/wp-json\/wp\/v2\/tags?post=56662"}],"curies":[{"name":"wp","href":"https:\/\/api.w.org\/{rel}","templated":true}]}}