{"id":56629,"date":"2026-03-15T16:38:57","date_gmt":"2026-03-15T16:38:57","guid":{"rendered":"https:\/\/defrentealaverdad.com\/?p=56629"},"modified":"2026-03-15T20:40:42","modified_gmt":"2026-03-15T20:40:42","slug":"el-instituto-duartiano-conmemora-el-182-aniversario-del-regreso-triunfal-de-duarte","status":"publish","type":"post","link":"https:\/\/defrentealaverdad.com\/index.php\/2026\/03\/15\/el-instituto-duartiano-conmemora-el-182-aniversario-del-regreso-triunfal-de-duarte\/","title":{"rendered":"El Instituto Duartiano conmemora el 182 aniversario del regreso triunfal de Duarte"},"content":{"rendered":"<blockquote>\n<p style=\"text-align: center;\">El presidente de la entidad patri\u00f3tica, Wilson G\u00f3mez Ram\u00edrez, resalta la vigencia del ideario del fundador de la Rep\u00fablica.<\/p>\n<\/blockquote>\n<p style=\"text-align: justify;\"><strong>Sans<\/strong> <strong>Souc\u00ed, Santo Domingo Este<\/strong>.- Con el sonido del clar\u00edn, las marchas, himnos y los solemnes discursos patri\u00f3ticos, el Instituto Duartiano (ID), en coordinaci\u00f3n de la Armada de la Rep\u00fablica Dominicana (ARD), conmemor\u00f3 este domingo el 182 aniversario del regreso triunfal de Juan Pablo Duarte al territorio nacional, tras la proclamaci\u00f3n de la Independencia Nacional de 1844.<\/p>\n<p style=\"text-align: justify;\">El acto se llev\u00f3 a cabo en el Santuario de las Tortugas Marinas, en la base naval de Sans Souc\u00ed, frente a las aguas caribe\u00f1as, espacio donde se rememor\u00f3 aquel hist\u00f3rico 15 de marzo de 1844, cuando el fundador de la Rep\u00fablica, con su arribo, pudo poner fin a su forzoso exilio para integrarse a las acciones del naciente Estado.<\/p>\n<p style=\"text-align: justify;\">En el discurso central, el presidente del Instituto Duartiano, Wilson G\u00f3mez Ram\u00edrez, afirm\u00f3 que el l\u00edder trinitario, tras proclamarse la Independencia Nacional, regres\u00f3 al pa\u00eds desde Curazao en la goleta \u201cLeonor\u201d, capitaneada por el patriota Juan Alejandro Acosta, en horas de la noche del 14 de marzo de 1844, y desembarc\u00f3 en la ma\u00f1ana de aquel hist\u00f3rico d\u00eda 15.<\/p>\n<p style=\"text-align: justify;\">Evoc\u00f3 la magnitud del recibimiento que el pueblo y las autoridades de la \u00e9poca dispensaron al l\u00edder trinitario, \u201cocasi\u00f3n en la cual las autoridades y todos los presentes oyeron en el puerto de Santo Domingo la exclamaci\u00f3n \u00a1salve, padre de la Patria! del vicario general de la Arquidi\u00f3cesis, Tom\u00e1s de Portes e Infante\u201d, adujo.<\/p>\n<p style=\"text-align: justify;\">Agreg\u00f3 que \u00abtan pronto puso pie en tierra, junto a los pr\u00f3ceres Juan Isidro P\u00e9rez y Pedro Alejandrino Pina, desde la Fortaleza Ozama, dada la investidura de Duarte, se dispararon 21 ca\u00f1onazos; luego se traslad\u00f3 a la Plaza de Armas donde fue proclamado jefe del Ej\u00e9rcito de la Rep\u00fablica\u00bb, relat\u00f3 G\u00f3mez Ram\u00edrez, se\u00f1alando adem\u00e1s el contraste hist\u00f3rico de que, pese al fervor popular, sus adversarios en la Junta Central Gubernativa solo le otorgaron el rango de general de brigada.<\/p>\n<p style=\"text-align: justify;\">Por su parte, el contraalmirante Juan Gilberto N\u00fa\u00f1ez, inspector general de la Armada de la Rep\u00fablica Dominicana (ARD), destac\u00f3 que la llegada de Duarte en 1844 no fue un simple retorno, sino el factor de cohesi\u00f3n necesario para reforzar el sentimiento patri\u00f3tico y establecer las bases de la soberan\u00eda.<\/p>\n<p style=\"text-align: justify;\">El alto militar, quien ostent\u00f3, la representaci\u00f3n del comandante de la instituci\u00f3n, vicealmirante Juan Bienvenido Cris\u00f3stomo Mart\u00ednez, agreg\u00f3 que \u201cla Armada estuvo presente en las acciones que se suscitaron en la conformaci\u00f3n de la Rep\u00fablica, Juan Alejandro Acosta fue un digno y valiente trinitario que se esforz\u00f3 para que se institucionalizada la Marina y naciera con el surgimiento mismo del Estado dominicano\u201d.<\/p>\n<p><strong>Simbolog\u00eda y honor<\/strong><\/p>\n<p style=\"text-align: justify;\">La ceremonia incluy\u00f3 un emotivo desfile militar encabezado por los miembros del Instituto Duartiano y las autoridades de la Armada, bajo la ejecuci\u00f3n de las marchas interpretadas por la banda de m\u00fasica de ese cuerpo castrense, bajo el ondear predominante de la bandera nacional.<\/p>\n<p style=\"text-align: justify;\">La ofrenda floral depositada ante el monumento al patricio, precedida por la interpretaci\u00f3n del himno nacional, reafirm\u00f3 el compromiso de los duartianos con el legado independentista.<\/p>\n<p style=\"text-align: justify;\">Como cierre, y, al comp\u00e1s del himno a Duarte, los presentes arrojaron flores a los vientos que cayeron con gracia en las c\u00e1lidas aguas del mar Caribe, gesto con el que los duartianos, junto a miembros de la Armada, de manera ya tradicional, manifiestan el simbolismo de la gratitud eterna de la naci\u00f3n hacia su fundador.<\/p>\n<p>&nbsp;<\/p>\n<p>&nbsp;<\/p>\n<p>Fuente: Prensa ID<\/p>\n","protected":false},"excerpt":{"rendered":"<p>El presidente de la entidad patri\u00f3tica, Wilson G\u00f3mez Ram\u00edrez, resalta la vigencia del ideario del<\/p>\n","protected":false},"author":1,"featured_media":56630,"comment_status":"open","ping_status":"open","sticky":false,"template":"","format":"standard","meta":{"footnotes":""},"categories":[7],"tags":[],"class_list":["post-56629","post","type-post","status-publish","format-standard","has-post-thumbnail","hentry","category-nacionales"],"_links":{"self":[{"href":"https:\/\/defrentealaverdad.com\/index.php\/wp-json\/wp\/v2\/posts\/56629","targetHints":{"allow":["GET"]}}],"collection":[{"href":"https:\/\/defrentealaverdad.com\/index.php\/wp-json\/wp\/v2\/posts"}],"about":[{"href":"https:\/\/defrentealaverdad.com\/index.php\/wp-json\/wp\/v2\/types\/post"}],"author":[{"embeddable":true,"href":"https:\/\/defrentealaverdad.com\/index.php\/wp-json\/wp\/v2\/users\/1"}],"replies":[{"embeddable":true,"href":"https:\/\/defrentealaverdad.com\/index.php\/wp-json\/wp\/v2\/comments?post=56629"}],"version-history":[{"count":1,"href":"https:\/\/defrentealaverdad.com\/index.php\/wp-json\/wp\/v2\/posts\/56629\/revisions"}],"predecessor-version":[{"id":56631,"href":"https:\/\/defrentealaverdad.com\/index.php\/wp-json\/wp\/v2\/posts\/56629\/revisions\/56631"}],"wp:featuredmedia":[{"embeddable":true,"href":"https:\/\/defrentealaverdad.com\/index.php\/wp-json\/wp\/v2\/media\/56630"}],"wp:attachment":[{"href":"https:\/\/defrentealaverdad.com\/index.php\/wp-json\/wp\/v2\/media?parent=56629"}],"wp:term":[{"taxonomy":"category","embeddable":true,"href":"https:\/\/defrentealaverdad.com\/index.php\/wp-json\/wp\/v2\/categories?post=56629"},{"taxonomy":"post_tag","embeddable":true,"href":"https:\/\/defrentealaverdad.com\/index.php\/wp-json\/wp\/v2\/tags?post=56629"}],"curies":[{"name":"wp","href":"https:\/\/api.w.org\/{rel}","templated":true}]}}