{"id":56623,"date":"2026-03-15T14:04:40","date_gmt":"2026-03-15T14:04:40","guid":{"rendered":"https:\/\/defrentealaverdad.com\/?p=56623"},"modified":"2026-03-15T17:46:43","modified_gmt":"2026-03-15T17:46:43","slug":"opinion-invitada-estratega-comunicacional-y-militar-que-enorgullece-la-sociedad-dominicana","status":"publish","type":"post","link":"https:\/\/defrentealaverdad.com\/index.php\/2026\/03\/15\/opinion-invitada-estratega-comunicacional-y-militar-que-enorgullece-la-sociedad-dominicana\/","title":{"rendered":"Opini\u00f3n Invitada: Estratega comunicacional y militar que enorgullece la sociedad dominicana.\u00a0"},"content":{"rendered":"<p style=\"text-align: justify;\">Las trayectorias profesionales se construyen con disciplina, aprendizaje constante y la capacidad de adaptarse a los cambios que exige cada \u00e9poca. En el \u00e1mbito militar, estos elementos adquieren una dimensi\u00f3n particular, ya que la formaci\u00f3n castrense combina valores como la obediencia, el honor, la responsabilidad y el servicio a la naci\u00f3n.<\/p>\n<p style=\"text-align: justify;\">La carrera militar implica sacrificio, preparaci\u00f3n permanente y compromiso con los principios institucionales. Sin embargo, tambi\u00e9n existen casos en los que esa vocaci\u00f3n se complementa con otras \u00e1reas del conocimiento que fortalecen la proyecci\u00f3n p\u00fablica de las instituciones. La comunicaci\u00f3n estrat\u00e9gica es una de ellas.<\/p>\n<p style=\"text-align: justify;\">En los \u00faltimos a\u00f1os, la transformaci\u00f3n digital ha obligado a las instituciones p\u00fablicas, incluyendo las militares, a replantear sus formas de relacionarse con la ciudadan\u00eda. Las redes sociales y las plataformas digitales se han convertido en herramientas clave para informar, educar y fortalecer la imagen institucional.<\/p>\n<p style=\"text-align: justify;\">Dentro de ese contexto, el militar y periodista Fahd Yamani Jacobo Salado ha desarrollado una trayectoria vinculada a la comunicaci\u00f3n institucional y la estrategia digital aplicada al \u00e1mbito p\u00fablico. Su trabajo se ha orientado al desarrollo de estrategias de plataformas informativas y a la construcci\u00f3n de narrativas institucionales en el entorno digital.<\/p>\n<p style=\"text-align: justify;\">Su trabajo tambi\u00e9n ha estado vinculado a la planificaci\u00f3n de estrategias de comunicaci\u00f3n digital que han permitido proyectar iniciativas dominicanas en escenarios internacionales. Parte de estos esfuerzos han sido reconocidos en cert\u00e1menes regionales como los Premios Latam Digital, donde proyectos de comunicaci\u00f3n institucional dominicanos han sido galardonados<\/p>\n<p style=\"text-align: justify;\">En ese contexto, uno de los aspectos que ha generado mayor reconocimiento a su labor ha sido el posicionamiento de iniciativas dominicanas en escenarios internacionales, logrando que proyectos de comunicaci\u00f3n institucional del pa\u00eds obtengan premios y menciones en competencias regionales de alto nivel.<\/p>\n<p style=\"text-align: justify;\">Este tipo de logros no solo reconocen el trabajo individual, sino que tambi\u00e9n proyectan a la Rep\u00fablica Dominicana como referente en innovaci\u00f3n y comunicaci\u00f3n digital en Am\u00e9rica Latina, fortaleciendo la presencia del pa\u00eds en espacios donde convergen gobiernos, empresas yq especialistas del ecosistema digital.<\/p>\n<p style=\"text-align: justify;\">Entre sus aportes institucionales se destaca la creaci\u00f3n y desarrollo de las redes sociales de la Fuerza A\u00e9rea de Rep\u00fablica Dominicana, as\u00ed como su participaci\u00f3n en proyectos de comunicaci\u00f3n digital para diversas instituciones del \u00e1mbito militar y estatal.Estas iniciativas contribuyeron a modernizar la presencia institucional en internet y a acercar las Fuerzas Armadas a la ciudadan\u00eda mediante canales digitales.<\/p>\n<p style=\"text-align: justify;\">A lo largo de su carrera, Fahd Yamani Jacobo Salado ha recibido diversas distinciones que reconocen su trayectoria profesional. Entre ellas figura la Orden del Vuelo Panamericano, una condecoraci\u00f3n vinculada a la tradici\u00f3n hist\u00f3rica de la aviaci\u00f3n dominicana y otorgada a quienes han realizado aportes significativos al desarrollo institucional y al servicio en la Fuerza A\u00e9rea. Esta distinci\u00f3n resalta el m\u00e9rito, la dedicaci\u00f3n y el compromiso con las misiones de la instituci\u00f3n.<\/p>\n<p style=\"text-align: justify;\">Asimismo, ha sido distinguido con una condecoraci\u00f3n de la Conferencia de las Fuerzas Armadas Centroamericanas (CFAC), organismo regional que reconoce a militares y profesionales que han contribuido al fortalecimiento de la cooperaci\u00f3n, la integraci\u00f3n y los v\u00ednculos de amistad entre las fuerzas armadas de la regi\u00f3n<\/p>\n<blockquote>\n<p style=\"text-align: center;\">Adem\u00e1s de su carrera militar, Jacobo Salado ha mantenido una activa participaci\u00f3n en el \u00e1mbito period\u00edstico y de la comunicaci\u00f3n digital. Se ha desempe\u00f1ado como exdirector de Relaciones P\u00fablicas del Colegio Dominicano de Periodistas (CDP) y como director de capacitaci\u00f3n de la Sociedad Dominicana de Medios Digitales (SODOMEDI), espacios desde los cuales ha impulsado la formaci\u00f3n en comunicaci\u00f3n estrat\u00e9gica y medios digitales.<\/p>\n<\/blockquote>\n<p style=\"text-align: justify;\">La combinaci\u00f3n de experiencia militar, periodismo y estrategia digital ha permitido que su perfil profesional se ubique en un punto de encuentro entre la comunicaci\u00f3n institucional y la innovaci\u00f3n tecnol\u00f3gica, \u00e1reas cada vez m\u00e1s relevantes para las instituciones contempor\u00e1neas.<\/p>\n<p style=\"text-align: justify;\">El reconocimiento que hoy recibe no solo resalta una trayectoria personal, sino tambi\u00e9n la creciente importancia de la comunicaci\u00f3n estrat\u00e9gica dentro de las instituciones p\u00fablicas y militares en la Rep\u00fablica Dominicana.<\/p>\n<p>Fuente: Mario Antonio Lara Valdez<\/p>\n","protected":false},"excerpt":{"rendered":"<p>Las trayectorias profesionales se construyen con disciplina, aprendizaje constante y la capacidad de adaptarse a<\/p>\n","protected":false},"author":1,"featured_media":56624,"comment_status":"open","ping_status":"open","sticky":false,"template":"","format":"standard","meta":{"footnotes":""},"categories":[4],"tags":[],"class_list":["post-56623","post","type-post","status-publish","format-standard","has-post-thumbnail","hentry","category-opiniones"],"_links":{"self":[{"href":"https:\/\/defrentealaverdad.com\/index.php\/wp-json\/wp\/v2\/posts\/56623","targetHints":{"allow":["GET"]}}],"collection":[{"href":"https:\/\/defrentealaverdad.com\/index.php\/wp-json\/wp\/v2\/posts"}],"about":[{"href":"https:\/\/defrentealaverdad.com\/index.php\/wp-json\/wp\/v2\/types\/post"}],"author":[{"embeddable":true,"href":"https:\/\/defrentealaverdad.com\/index.php\/wp-json\/wp\/v2\/users\/1"}],"replies":[{"embeddable":true,"href":"https:\/\/defrentealaverdad.com\/index.php\/wp-json\/wp\/v2\/comments?post=56623"}],"version-history":[{"count":1,"href":"https:\/\/defrentealaverdad.com\/index.php\/wp-json\/wp\/v2\/posts\/56623\/revisions"}],"predecessor-version":[{"id":56625,"href":"https:\/\/defrentealaverdad.com\/index.php\/wp-json\/wp\/v2\/posts\/56623\/revisions\/56625"}],"wp:featuredmedia":[{"embeddable":true,"href":"https:\/\/defrentealaverdad.com\/index.php\/wp-json\/wp\/v2\/media\/56624"}],"wp:attachment":[{"href":"https:\/\/defrentealaverdad.com\/index.php\/wp-json\/wp\/v2\/media?parent=56623"}],"wp:term":[{"taxonomy":"category","embeddable":true,"href":"https:\/\/defrentealaverdad.com\/index.php\/wp-json\/wp\/v2\/categories?post=56623"},{"taxonomy":"post_tag","embeddable":true,"href":"https:\/\/defrentealaverdad.com\/index.php\/wp-json\/wp\/v2\/tags?post=56623"}],"curies":[{"name":"wp","href":"https:\/\/api.w.org\/{rel}","templated":true}]}}