{"id":56617,"date":"2026-03-15T10:58:36","date_gmt":"2026-03-15T10:58:36","guid":{"rendered":"https:\/\/defrentealaverdad.com\/?p=56617"},"modified":"2026-03-15T17:40:27","modified_gmt":"2026-03-15T17:40:27","slug":"diputada-soraya-suarez-afirma-que-las-mujeres-estan-preparadas-para-gobernar-la-republica-dominicana-en-programa-juego-de-damas","status":"publish","type":"post","link":"https:\/\/defrentealaverdad.com\/index.php\/2026\/03\/15\/diputada-soraya-suarez-afirma-que-las-mujeres-estan-preparadas-para-gobernar-la-republica-dominicana-en-programa-juego-de-damas\/","title":{"rendered":"Diputada Soraya Su\u00e1rez afirma que las mujeres est\u00e1n preparadas para gobernar la Rep\u00fablica Dominicana en programa Juego de Damas"},"content":{"rendered":"<blockquote>\n<p style=\"text-align: center;\">La legisladora llam\u00f3 a las mujeres dominicanas a confiar en sus capacidades, prepararse y apoyarse mutuamente para seguir avanzando en los espacios de liderazgo<\/p>\n<\/blockquote>\n<p style=\"text-align: justify;\"><strong>Santo Domingo.<\/strong> \u2014 La diputada Soraya Su\u00e1rez asegur\u00f3 que las mujeres dominicanas cuentan con la preparaci\u00f3n, capacidad y liderazgo necesarios para gobernar la Rep\u00fablica Dominicana, al destacar el creciente protagonismo femenino en los espacios de toma de decisiones del pa\u00eds.<\/p>\n<p style=\"text-align: justify;\">Durante una entrevista en el programa radial \u201cJuego de Damas\u201d, la legisladora afirm\u00f3 que el pa\u00eds est\u00e1 listo para tener una mujer presidenta, debido al nivel de formaci\u00f3n y liderazgo que han demostrado las dominicanas en distintos \u00e1mbitos.<\/p>\n<blockquote>\n<p style=\"text-align: center;\">\u201cLa Rep\u00fablica Dominicana est\u00e1 lista para tener una mujer presidenta porque nuestras mujeres se han preparado\u201d, expres\u00f3 Su\u00e1rez, al se\u00f1alar que actualmente son las mujeres quienes mayoritariamente culminan estudios universitarios y realizan m\u00e1s maestr\u00edas, adem\u00e1s de obtener altas calificaciones acad\u00e9micas.<\/p>\n<\/blockquote>\n<p style=\"text-align: justify;\">En ese contexto, la diputada invit\u00f3 a la ciudadan\u00eda, especialmente a las mujeres, a reflexionar sobre el respaldo que se brinda al liderazgo femenino.<\/p>\n<blockquote>\n<p style=\"text-align: center;\">\u201cSomos m\u00e1s de la mitad de la poblaci\u00f3n y las m\u00e1s preparadas. Debemos preguntarnos si tambi\u00e9n estamos listas para votar por mujeres\u201d, puntualiz\u00f3.<\/p>\n<\/blockquote>\n<p style=\"text-align: justify;\">Su\u00e1rez tambi\u00e9n motiv\u00f3 a las mujeres con aspiraciones pol\u00edticas a confiar en sus capacidades y a continuar prepar\u00e1ndose para asumir espacios de liderazgo, al tiempo que destac\u00f3 la importancia del apoyo mutuo entre mujeres para fortalecer su presencia en los espacios de toma de decisiones.<\/p>\n<blockquote>\n<p style=\"text-align: center;\">\u201cLo m\u00e1s importante es creer en nosotras mismas y prepararnos para que nadie pueda decirnos que no estamos listas\u201d, manifest\u00f3 la legisladora, al resaltar que la participaci\u00f3n femenina en la construcci\u00f3n de pol\u00edticas p\u00fablicas aporta sensibilidad, preparaci\u00f3n y compromiso con el bienestar colectivo.<\/p>\n<\/blockquote>\n<p style=\"text-align: justify;\">Durante la entrevista, Su\u00e1rez tambi\u00e9n abord\u00f3 otros temas de inter\u00e9s nacional, entre ellos los esfuerzos que se realizan desde el Congreso para apoyar las iniciativas del presidente Luis Abinader orientadas a fortalecer la seguridad alimentaria en el pa\u00eds, en coordinaci\u00f3n con la Organizaci\u00f3n de las Naciones Unidas para la Alimentaci\u00f3n y la Agricultura (FAO).<\/p>\n<p style=\"text-align: justify;\">En ese sentido, explic\u00f3 que recientemente particip\u00f3 en encuentros internacionales en Brasil para conocer experiencias exitosas en la reducci\u00f3n del hambre y promover iniciativas que contribuyan a avanzar hacia el objetivo de erradicar el hambre en la Rep\u00fablica Dominicana.<\/p>\n<p style=\"text-align: justify;\">Asimismo, destac\u00f3 el trabajo que se impulsa desde el Frente Parlamentario contra el Hambre que dirige en la C\u00e1mara de Diputados desde hace 6 a\u00f1os, as\u00ed como los esfuerzos para retomar el proyecto de ley de alimentaci\u00f3n escolar y nutrici\u00f3n, con el prop\u00f3sito de promover una alimentaci\u00f3n m\u00e1s saludable para los estudiantes y reducir el consumo de alimentos ultra procesados en los centros educativos.<\/p>\n<p style=\"text-align: justify;\">Finalmente, la legisladora se refiri\u00f3 al debate p\u00fablico sobre las exoneraciones legislativas, se\u00f1alando que este tema debe analizarse dentro del contexto del sistema de incentivos que existe en distintas instituciones p\u00fablicas y privadas del pa\u00eds.<\/p>\n<p>Fuente: Prensa Soraya Su\u00e1rez<\/p>\n","protected":false},"excerpt":{"rendered":"<p>La legisladora llam\u00f3 a las mujeres dominicanas a confiar en sus capacidades, prepararse y apoyarse<\/p>\n","protected":false},"author":1,"featured_media":56618,"comment_status":"open","ping_status":"open","sticky":false,"template":"","format":"standard","meta":{"footnotes":""},"categories":[12],"tags":[],"class_list":["post-56617","post","type-post","status-publish","format-standard","has-post-thumbnail","hentry","category-politicas"],"_links":{"self":[{"href":"https:\/\/defrentealaverdad.com\/index.php\/wp-json\/wp\/v2\/posts\/56617","targetHints":{"allow":["GET"]}}],"collection":[{"href":"https:\/\/defrentealaverdad.com\/index.php\/wp-json\/wp\/v2\/posts"}],"about":[{"href":"https:\/\/defrentealaverdad.com\/index.php\/wp-json\/wp\/v2\/types\/post"}],"author":[{"embeddable":true,"href":"https:\/\/defrentealaverdad.com\/index.php\/wp-json\/wp\/v2\/users\/1"}],"replies":[{"embeddable":true,"href":"https:\/\/defrentealaverdad.com\/index.php\/wp-json\/wp\/v2\/comments?post=56617"}],"version-history":[{"count":1,"href":"https:\/\/defrentealaverdad.com\/index.php\/wp-json\/wp\/v2\/posts\/56617\/revisions"}],"predecessor-version":[{"id":56619,"href":"https:\/\/defrentealaverdad.com\/index.php\/wp-json\/wp\/v2\/posts\/56617\/revisions\/56619"}],"wp:featuredmedia":[{"embeddable":true,"href":"https:\/\/defrentealaverdad.com\/index.php\/wp-json\/wp\/v2\/media\/56618"}],"wp:attachment":[{"href":"https:\/\/defrentealaverdad.com\/index.php\/wp-json\/wp\/v2\/media?parent=56617"}],"wp:term":[{"taxonomy":"category","embeddable":true,"href":"https:\/\/defrentealaverdad.com\/index.php\/wp-json\/wp\/v2\/categories?post=56617"},{"taxonomy":"post_tag","embeddable":true,"href":"https:\/\/defrentealaverdad.com\/index.php\/wp-json\/wp\/v2\/tags?post=56617"}],"curies":[{"name":"wp","href":"https:\/\/api.w.org\/{rel}","templated":true}]}}