{"id":56611,"date":"2026-03-15T09:04:29","date_gmt":"2026-03-15T09:04:29","guid":{"rendered":"https:\/\/defrentealaverdad.com\/?p=56611"},"modified":"2026-03-15T17:35:36","modified_gmt":"2026-03-15T17:35:36","slug":"hermandad-de-veteranos-celebra-1ra-asamblea-general-ordinaria-2026-con-la-participacion-de-mas-de-400-asambleistas","status":"publish","type":"post","link":"https:\/\/defrentealaverdad.com\/index.php\/2026\/03\/15\/hermandad-de-veteranos-celebra-1ra-asamblea-general-ordinaria-2026-con-la-participacion-de-mas-de-400-asambleistas\/","title":{"rendered":"Hermandad de Veteranos celebra 1ra. Asamblea General Ordinaria 2026 con la participaci\u00f3n de m\u00e1s de 400 asamble\u00edstas"},"content":{"rendered":"<p>Por F\u00e9lix Rubio<\/p>\n<p>&nbsp;<\/p>\n<p style=\"text-align: justify;\">SANTO DOMINGO, Rep\u00fablica Dominicana. \u2013 La Hermandad de Veteranos Pensionados de las Fuerzas Armadas y la Polic\u00eda Nacional celebr\u00f3 su Primera Asamblea General Ordinaria del a\u00f1o 2026, con la participaci\u00f3n de m\u00e1s de 400 veteranos asamble\u00edstas, quienes conocieron y aprobaron importantes decisiones orientadas a fortalecer los servicios, la institucionalidad y el bienestar de los hombres y mujeres que sirvieron a la patria.<\/p>\n<p style=\"text-align: justify;\">Durante la jornada, realizada conforme a las disposiciones estatutarias de la instituci\u00f3n, los asamble\u00edstas aprobaron una serie de iniciativas estrat\u00e9gicas que forman parte del proceso de transformaci\u00f3n y modernizaci\u00f3n que impulsa la actual gesti\u00f3n de la Hermandad.<\/p>\n<p style=\"text-align: justify;\">Entre los principales temas aprobados se encuentra la integraci\u00f3n formal de una Gran Red Nacional de Servicios Funerarios, autorizando a la Presidencia de la Hermandad a suscribir convenios marco de cooperaci\u00f3n y prestaci\u00f3n de servicios con funerarias establecidas en todo el territorio nacional, bajo condiciones t\u00e9cnicas, financieras y jur\u00eddicas favorables para los veteranos y sus familias.<\/p>\n<p style=\"text-align: justify;\">Asimismo, la Asamblea autoriz\u00f3 a la Presidencia a contratar el dise\u00f1o, desarrollo, construcci\u00f3n, habilitaci\u00f3n y operaci\u00f3n conjunta del Centro de Atenci\u00f3n Primaria, el Centro de Odontolog\u00eda Especializada y el Centro de Diagn\u00f3stico y Especialidades M\u00e9dicas de la Hermandad, proyectos destinados a ampliar y mejorar los servicios de salud dirigidos a la comunidad de veteranos.<\/p>\n<p style=\"text-align: justify;\">Durante el encuentro tambi\u00e9n se refrend\u00f3 la creaci\u00f3n del Consejo Consultivo de la Hermandad, organismo orientado a aportar experiencia y orientaci\u00f3n estrat\u00e9gica al proceso de fortalecimiento institucional. De igual manera, la Asamblea aprob\u00f3 la creaci\u00f3n del Patronato y el Voluntariado de la Hermandad de Veteranos, as\u00ed como la conformaci\u00f3n del Comit\u00e9 de Veedur\u00eda de la Hermandad, integrado por personalidades de prestigio del \u00e1mbito social, empresarial, religioso y acad\u00e9mico.<\/p>\n<p style=\"text-align: justify;\">En el marco de la Asamblea, la Hermandad tambi\u00e9n desarroll\u00f3 una jornada de apoyo social para los veteranos asistentes, en la que se entregaron tarjetas de descuento para la adquisici\u00f3n de medicamentos, as\u00ed como kits de hidrataci\u00f3n. Asimismo, gracias al respaldo de Laboratorios Alpha, se realiz\u00f3 la rifa de diversos equipos y art\u00edculos entre los veteranos participantes, como parte de las iniciativas de bienestar dirigidas a quienes dedicaron su vida al servicio de la naci\u00f3n.<\/p>\n<p style=\"text-align: justify;\">La amplia participaci\u00f3n de los veteranos asamble\u00edstas refleja el respaldo al proceso de fortalecimiento institucional que vive la Hermandad, consolidando una organizaci\u00f3n cada vez m\u00e1s s\u00f3lida, organizada y comprometida con la dignidad, el honor y el bienestar de los veteranos de las Fuerzas Armadas y la Polic\u00eda Nacional.<\/p>\n<p>Fuente: Ger. Com. Estrat\u00e9gica<\/p>\n","protected":false},"excerpt":{"rendered":"<p>Por F\u00e9lix Rubio &nbsp; SANTO DOMINGO, Rep\u00fablica Dominicana. \u2013 La Hermandad de Veteranos Pensionados de<\/p>\n","protected":false},"author":1,"featured_media":56612,"comment_status":"open","ping_status":"open","sticky":false,"template":"","format":"standard","meta":{"footnotes":""},"categories":[7],"tags":[],"class_list":["post-56611","post","type-post","status-publish","format-standard","has-post-thumbnail","hentry","category-nacionales"],"_links":{"self":[{"href":"https:\/\/defrentealaverdad.com\/index.php\/wp-json\/wp\/v2\/posts\/56611","targetHints":{"allow":["GET"]}}],"collection":[{"href":"https:\/\/defrentealaverdad.com\/index.php\/wp-json\/wp\/v2\/posts"}],"about":[{"href":"https:\/\/defrentealaverdad.com\/index.php\/wp-json\/wp\/v2\/types\/post"}],"author":[{"embeddable":true,"href":"https:\/\/defrentealaverdad.com\/index.php\/wp-json\/wp\/v2\/users\/1"}],"replies":[{"embeddable":true,"href":"https:\/\/defrentealaverdad.com\/index.php\/wp-json\/wp\/v2\/comments?post=56611"}],"version-history":[{"count":1,"href":"https:\/\/defrentealaverdad.com\/index.php\/wp-json\/wp\/v2\/posts\/56611\/revisions"}],"predecessor-version":[{"id":56613,"href":"https:\/\/defrentealaverdad.com\/index.php\/wp-json\/wp\/v2\/posts\/56611\/revisions\/56613"}],"wp:featuredmedia":[{"embeddable":true,"href":"https:\/\/defrentealaverdad.com\/index.php\/wp-json\/wp\/v2\/media\/56612"}],"wp:attachment":[{"href":"https:\/\/defrentealaverdad.com\/index.php\/wp-json\/wp\/v2\/media?parent=56611"}],"wp:term":[{"taxonomy":"category","embeddable":true,"href":"https:\/\/defrentealaverdad.com\/index.php\/wp-json\/wp\/v2\/categories?post=56611"},{"taxonomy":"post_tag","embeddable":true,"href":"https:\/\/defrentealaverdad.com\/index.php\/wp-json\/wp\/v2\/tags?post=56611"}],"curies":[{"name":"wp","href":"https:\/\/api.w.org\/{rel}","templated":true}]}}