{"id":56567,"date":"2026-03-12T17:09:24","date_gmt":"2026-03-12T17:09:24","guid":{"rendered":"https:\/\/defrentealaverdad.com\/?p=56567"},"modified":"2026-03-12T21:11:15","modified_gmt":"2026-03-12T21:11:15","slug":"ejercito-detiene-hombre-que-transportaba-a-dos-extranjeros-indocumentados-en-san-juan-de-la-maguana","status":"publish","type":"post","link":"https:\/\/defrentealaverdad.com\/index.php\/2026\/03\/12\/ejercito-detiene-hombre-que-transportaba-a-dos-extranjeros-indocumentados-en-san-juan-de-la-maguana\/","title":{"rendered":"Ej\u00e9rcito detiene hombre que transportaba a dos extranjeros indocumentados en San Juan de la Maguana"},"content":{"rendered":"<p>Por F\u00e9lix Rubio<\/p>\n<p style=\"text-align: justify;\"><strong>San Juan de la Maguana, R.D_<\/strong> \u2013Miembros del Ej\u00e9rcito de Rep\u00fablica Dominicana (ERD), adscritos al 12do. Batall\u00f3n de Monta\u00f1eros detuvieron a un hombre que transportaba a dos nacionales haitianos en condici\u00f3n migratoria irregular, durante un operativo realizado en el Puesto de Chequeo Guanito de San Juan de la Maguana.<\/p>\n<p style=\"text-align: justify;\">El detenido fue identificado como Andhy Miguel de la Cruz Contreras, quien se desplazaba a bordo de un carro marca Honda, modelo Fit, color blanco, placa A804531.<\/p>\n<p style=\"text-align: justify;\">De acuerdo con el informe militar, el detenido fue sorprendido transportando a dos (02) ciudadanos haitianos con estatus migratorio irregular, por lo que junto a los extranjeros y el veh\u00edculo en que se trasladaban, fueron conducidos bajo custodia militar a la Fortaleza General Jos\u00e9 Mar\u00eda Cabral para los procesos legales correspondientes.F<\/p>\n<p style=\"text-align: justify;\">Fuente: Ej\u00e9rcito de Rep\u00fablica Dominicana<\/p>\n","protected":false},"excerpt":{"rendered":"<p>Por F\u00e9lix Rubio San Juan de la Maguana, R.D_ \u2013Miembros del Ej\u00e9rcito de Rep\u00fablica Dominicana<\/p>\n","protected":false},"author":1,"featured_media":56568,"comment_status":"open","ping_status":"open","sticky":false,"template":"","format":"standard","meta":{"footnotes":""},"categories":[7],"tags":[],"class_list":["post-56567","post","type-post","status-publish","format-standard","has-post-thumbnail","hentry","category-nacionales"],"_links":{"self":[{"href":"https:\/\/defrentealaverdad.com\/index.php\/wp-json\/wp\/v2\/posts\/56567","targetHints":{"allow":["GET"]}}],"collection":[{"href":"https:\/\/defrentealaverdad.com\/index.php\/wp-json\/wp\/v2\/posts"}],"about":[{"href":"https:\/\/defrentealaverdad.com\/index.php\/wp-json\/wp\/v2\/types\/post"}],"author":[{"embeddable":true,"href":"https:\/\/defrentealaverdad.com\/index.php\/wp-json\/wp\/v2\/users\/1"}],"replies":[{"embeddable":true,"href":"https:\/\/defrentealaverdad.com\/index.php\/wp-json\/wp\/v2\/comments?post=56567"}],"version-history":[{"count":1,"href":"https:\/\/defrentealaverdad.com\/index.php\/wp-json\/wp\/v2\/posts\/56567\/revisions"}],"predecessor-version":[{"id":56569,"href":"https:\/\/defrentealaverdad.com\/index.php\/wp-json\/wp\/v2\/posts\/56567\/revisions\/56569"}],"wp:featuredmedia":[{"embeddable":true,"href":"https:\/\/defrentealaverdad.com\/index.php\/wp-json\/wp\/v2\/media\/56568"}],"wp:attachment":[{"href":"https:\/\/defrentealaverdad.com\/index.php\/wp-json\/wp\/v2\/media?parent=56567"}],"wp:term":[{"taxonomy":"category","embeddable":true,"href":"https:\/\/defrentealaverdad.com\/index.php\/wp-json\/wp\/v2\/categories?post=56567"},{"taxonomy":"post_tag","embeddable":true,"href":"https:\/\/defrentealaverdad.com\/index.php\/wp-json\/wp\/v2\/tags?post=56567"}],"curies":[{"name":"wp","href":"https:\/\/api.w.org\/{rel}","templated":true}]}}