{"id":56559,"date":"2026-03-12T15:29:31","date_gmt":"2026-03-12T15:29:31","guid":{"rendered":"https:\/\/defrentealaverdad.com\/?p=56559"},"modified":"2026-03-12T18:30:54","modified_gmt":"2026-03-12T18:30:54","slug":"asonadedi-y-consejo-nacional-de-drogas-firman-alianza-estrategica-para-fortalecer-la-convivencia-pacifica-en-las-escuelas","status":"publish","type":"post","link":"https:\/\/defrentealaverdad.com\/index.php\/2026\/03\/12\/asonadedi-y-consejo-nacional-de-drogas-firman-alianza-estrategica-para-fortalecer-la-convivencia-pacifica-en-las-escuelas\/","title":{"rendered":"ASONADEDI y Consejo Nacional de Drogas firman alianza estrat\u00e9gica para fortalecer la convivencia pac\u00edfica en las escuelas"},"content":{"rendered":"<p style=\"text-align: justify;\">La Asociaci\u00f3n Nacional de directores de Centros Educativos de la Rep\u00fablica Dominicana (ASONADEDI-RD) y el Consejo Nacional de Drogas (CND) firmaron una alianza estrat\u00e9gica orientada a promover la convivencia pac\u00edfica, la prevenci\u00f3n y el desarrollo integral de los estudiantes en los centros educativos del pa\u00eds.<\/p>\n<p style=\"text-align: justify;\">El convenio fue rubricado por V\u00edctor Martir, presidente del gremio que agrupa a los directores de centros educativos y Alejandro de Jes\u00fas Abreu presidente del CND, en un gran acto realizado en el Congreso Nacional donde Nelson Diplan, jefe de Gabinete del Senado, habl\u00f3 en representaci\u00f3n del presidente del Senado, Ricardo de los Santos, con las palabras de apertura, destacando la importancia de la Alianza estrat\u00e9gica interinstitucional.<\/p>\n<p style=\"text-align: justify;\">Mediante el acuerdo las instituciones firmantes se proponen lograr que el centro educativo sea el n\u00facleo del desarrollo integral de los estudiantes de forma tal que la escuela se convierta en el pilar fundamental para formar ciudadanos y crear una cultura de paz genuina.<\/p>\n<p style=\"text-align: justify;\">Entre los objetivos planteados en el convenio se encuentran; crear un entorno educativo saludable, participativo y resiliente; as\u00ed como lograr el empoderamiento de los estudiantes como agentes activos y no solo como receptores pasivos; prevenci\u00f3n directa en el \u00e1mbito escolar; fortalecimiento del liderazgo estudiantil; promover los valores ciudadanos; y la participaci\u00f3n activa de los alumnos.<\/p>\n<p style=\"text-align: justify;\">La alianza estrat\u00e9gica define cinco pilares de acci\u00f3n en las aulas: Voluntariado Estudiantil, para promover agentes multiplicadores de vida saludable; Liderazgo Estudiantil, mediante el fortalecimiento de los Consejos de Curso para fomentar la convivencia escolar pac\u00edfica; Redes Comunitarias, a trav\u00e9s de la articulaci\u00f3n entre el CND, ASONADEDI-RD, los centros educativos y la sociedad civil; Responsabilidad Social, mediante la participaci\u00f3n activa en jornadas c\u00edvicas, culturales y deportivas; y Formaci\u00f3n Continua, con talleres especializados en mediaci\u00f3n escolar, prevenci\u00f3n de consumo y ciudadan\u00eda.<\/p>\n<p style=\"text-align: justify;\">En el acuerdo ASONADEDI-RD se compromete a promover la adopci\u00f3n de los programas entre la Red de Directores, as\u00ed como a facilitar la integraci\u00f3n operativa entre los Consejos de Curso y l\u00edderes y a construir la red de l\u00edderes preventivos mediante Jornadas C\u00edvicas; y acompa\u00f1ar al CND territorialmente en el Plan Nacional 2036.<\/p>\n<p style=\"text-align: justify;\">Mientras que el CND asume la responsabilidad de dise\u00f1ar programas de prevenci\u00f3n para docentes y estudiantes tambi\u00e9n a proveer materiales, talleres y capacitaciones especializadas tambi\u00e9n a apoyar log\u00edsticamente las campa\u00f1as dentro de los centros educativos.<\/p>\n<p style=\"text-align: justify;\">Durante el evento fue proyectado un video con un c\u00e1lido mensaje de Nancy Patricia Franjul P\u00e9rez, ministra consejera en la embajada dominicana en Austria y encargada de los temas de la Oficina de las Naciones Unidas contra la Droga y el Delito (UNODC, por sus siglas en ingl\u00e9s), quien salud\u00f3 la firma del acuerdo interinstitucional, el cual dijo, refleja la importancia de unir esfuerzos del Estado, el sistema educativo y la sociedad civil para fortalecer las pol\u00edticas de prevenci\u00f3n y bienestar en la Rep\u00fablica Dominicana.<\/p>\n<p>Fuente: ASONADEDI-RD<\/p>\n","protected":false},"excerpt":{"rendered":"<p>La Asociaci\u00f3n Nacional de directores de Centros Educativos de la Rep\u00fablica Dominicana (ASONADEDI-RD) y el<\/p>\n","protected":false},"author":1,"featured_media":56560,"comment_status":"open","ping_status":"open","sticky":false,"template":"","format":"standard","meta":{"footnotes":""},"categories":[7],"tags":[],"class_list":["post-56559","post","type-post","status-publish","format-standard","has-post-thumbnail","hentry","category-nacionales"],"_links":{"self":[{"href":"https:\/\/defrentealaverdad.com\/index.php\/wp-json\/wp\/v2\/posts\/56559","targetHints":{"allow":["GET"]}}],"collection":[{"href":"https:\/\/defrentealaverdad.com\/index.php\/wp-json\/wp\/v2\/posts"}],"about":[{"href":"https:\/\/defrentealaverdad.com\/index.php\/wp-json\/wp\/v2\/types\/post"}],"author":[{"embeddable":true,"href":"https:\/\/defrentealaverdad.com\/index.php\/wp-json\/wp\/v2\/users\/1"}],"replies":[{"embeddable":true,"href":"https:\/\/defrentealaverdad.com\/index.php\/wp-json\/wp\/v2\/comments?post=56559"}],"version-history":[{"count":1,"href":"https:\/\/defrentealaverdad.com\/index.php\/wp-json\/wp\/v2\/posts\/56559\/revisions"}],"predecessor-version":[{"id":56561,"href":"https:\/\/defrentealaverdad.com\/index.php\/wp-json\/wp\/v2\/posts\/56559\/revisions\/56561"}],"wp:featuredmedia":[{"embeddable":true,"href":"https:\/\/defrentealaverdad.com\/index.php\/wp-json\/wp\/v2\/media\/56560"}],"wp:attachment":[{"href":"https:\/\/defrentealaverdad.com\/index.php\/wp-json\/wp\/v2\/media?parent=56559"}],"wp:term":[{"taxonomy":"category","embeddable":true,"href":"https:\/\/defrentealaverdad.com\/index.php\/wp-json\/wp\/v2\/categories?post=56559"},{"taxonomy":"post_tag","embeddable":true,"href":"https:\/\/defrentealaverdad.com\/index.php\/wp-json\/wp\/v2\/tags?post=56559"}],"curies":[{"name":"wp","href":"https:\/\/api.w.org\/{rel}","templated":true}]}}