{"id":56521,"date":"2026-03-11T16:21:39","date_gmt":"2026-03-11T16:21:39","guid":{"rendered":"https:\/\/defrentealaverdad.com\/?p=56521"},"modified":"2026-03-11T23:23:38","modified_gmt":"2026-03-11T23:23:38","slug":"darnenty-lugo-realizo-el-lanzamiento-oficial-del-programa-mujer-upgrade","status":"publish","type":"post","link":"https:\/\/defrentealaverdad.com\/index.php\/2026\/03\/11\/darnenty-lugo-realizo-el-lanzamiento-oficial-del-programa-mujer-upgrade\/","title":{"rendered":"Darnenty Lugo, realiz\u00f3 el lanzamiento oficial del Programa \u201cMujer Upgrade\u201d"},"content":{"rendered":"<p>&nbsp;<\/p>\n<blockquote>\n<p style=\"text-align: center;\">Plataforma en reconocimiento al Valor y el liderazgo femenino.<\/p>\n<\/blockquote>\n<p>&nbsp;<\/p>\n<p style=\"text-align: justify;\"><strong>Santo Domingo, RD<\/strong> &#8211; Con el objetivo de fortalecer el liderazgo, la seguridad profesional y la capacidad de negociaci\u00f3n de la mujer actual, fue presentada oficialmente \u00abMujer Upgrade\u00bb liderada por la abogada , Darnetty Lugo, realizado en el evento Mujer construye tu ser conquista tu hacer, celebrando el D\u00eda Internacional de la Mujeres.<\/p>\n<p style=\"text-align: justify;\">Mujer Upgrade es una plataforma de formaci\u00f3n estrat\u00e9gica creada para impulsar el crecimiento integral femenino.<\/p>\n<p style=\"text-align: justify;\">Cabe destacarlo, que est\u00e1 iniciativa, est\u00e1 dirigida por; Darnetty Lugo, conferencista y asesora especializada en negociaci\u00f3n y procesos empresariales, nace como respuesta a una realidad frecuente: mujeres preparadas y talentosas que a\u00fan no reconocen plenamente su valor profesional y, por tanto, no cobran ni negocian conforme a su capacidad.<\/p>\n<blockquote>\n<p style=\"text-align: center;\">\u201cMujer Upgrade busca que las mujeres aprendan a reconocer su valor y a cobrar lo que realmente merecen, no solo desde una perspectiva financiera, sino desde la claridad de su identidad, preparaci\u00f3n y aporte profesional\u201d, expres\u00f3 Lugo durante la presentaci\u00f3n.<\/p>\n<\/blockquote>\n<p style=\"text-align: justify;\">El programa integra herramientas pr\u00e1cticas en \u00e1reas como: Reconocimiento del valor personal, profesional, seguridad para negociar con firmeza y empat\u00eda, desarrollo de liderazgo estrat\u00e9gico, organizaci\u00f3n estructurada para el crecimiento y posicionamiento con autoridad, uno de los pilares centrales de la iniciativa es romper el miedo a cobrar y sustituirlo por una mentalidad de coherencia y respeto profesional.<\/p>\n<p style=\"text-align: justify;\">La propuesta enfatiza que cobrar adecuadamente no es un acto de ambici\u00f3n, sino una consecuencia natural del valor aportado.<\/p>\n<p style=\"text-align: justify;\">El lanzamiento incluye adem\u00e1s el ebook Mujer Upgrade, una gu\u00eda pr\u00e1ctica que ampl\u00eda estos conceptos y ofrece ejercicios estructurados para que cada mujer pueda dise\u00f1ar su propio plan de evoluci\u00f3n personal y profesional.<\/p>\n<blockquote>\n<p style=\"text-align: center;\">Mujer Upgrade estar\u00e1 disponible en modalidad presencial y virtual, dirigida a profesionales, emprendedoras, estudiantes universitarias y equipos corporativos.<\/p>\n<\/blockquote>\n<p style=\"text-align: justify;\">Con esta propuesta, Darnetty Lugo, reafirma su compromiso con el fortalecimiento del liderazgo femenino desde una base estrat\u00e9gica, consciente y estructurada. M\u00e1s informaci\u00f3n La Whatsapp:8295896522 e instagram: @mujerugrader<\/p>\n<p>&nbsp;<\/p>\n<p>Fuente: Grupo APER<\/p>\n","protected":false},"excerpt":{"rendered":"<p>&nbsp; Plataforma en reconocimiento al Valor y el liderazgo femenino. &nbsp; Santo Domingo, RD &#8211;<\/p>\n","protected":false},"author":1,"featured_media":56522,"comment_status":"open","ping_status":"open","sticky":false,"template":"","format":"standard","meta":{"footnotes":""},"categories":[255],"tags":[],"class_list":["post-56521","post","type-post","status-publish","format-standard","has-post-thumbnail","hentry","category-comunicacion"],"_links":{"self":[{"href":"https:\/\/defrentealaverdad.com\/index.php\/wp-json\/wp\/v2\/posts\/56521","targetHints":{"allow":["GET"]}}],"collection":[{"href":"https:\/\/defrentealaverdad.com\/index.php\/wp-json\/wp\/v2\/posts"}],"about":[{"href":"https:\/\/defrentealaverdad.com\/index.php\/wp-json\/wp\/v2\/types\/post"}],"author":[{"embeddable":true,"href":"https:\/\/defrentealaverdad.com\/index.php\/wp-json\/wp\/v2\/users\/1"}],"replies":[{"embeddable":true,"href":"https:\/\/defrentealaverdad.com\/index.php\/wp-json\/wp\/v2\/comments?post=56521"}],"version-history":[{"count":1,"href":"https:\/\/defrentealaverdad.com\/index.php\/wp-json\/wp\/v2\/posts\/56521\/revisions"}],"predecessor-version":[{"id":56523,"href":"https:\/\/defrentealaverdad.com\/index.php\/wp-json\/wp\/v2\/posts\/56521\/revisions\/56523"}],"wp:featuredmedia":[{"embeddable":true,"href":"https:\/\/defrentealaverdad.com\/index.php\/wp-json\/wp\/v2\/media\/56522"}],"wp:attachment":[{"href":"https:\/\/defrentealaverdad.com\/index.php\/wp-json\/wp\/v2\/media?parent=56521"}],"wp:term":[{"taxonomy":"category","embeddable":true,"href":"https:\/\/defrentealaverdad.com\/index.php\/wp-json\/wp\/v2\/categories?post=56521"},{"taxonomy":"post_tag","embeddable":true,"href":"https:\/\/defrentealaverdad.com\/index.php\/wp-json\/wp\/v2\/tags?post=56521"}],"curies":[{"name":"wp","href":"https:\/\/api.w.org\/{rel}","templated":true}]}}