{"id":56512,"date":"2026-03-11T17:35:17","date_gmt":"2026-03-11T17:35:17","guid":{"rendered":"https:\/\/defrentealaverdad.com\/?p=56512"},"modified":"2026-03-11T23:15:52","modified_gmt":"2026-03-11T23:15:52","slug":"1930-es-un-antes-y-un-despues-en-los-derechos-del-soldado-retirado-dominicano","status":"publish","type":"post","link":"https:\/\/defrentealaverdad.com\/index.php\/2026\/03\/11\/1930-es-un-antes-y-un-despues-en-los-derechos-del-soldado-retirado-dominicano\/","title":{"rendered":"1930 es un antes y un despu\u00e9s en los derechos del soldado retirado dominicano"},"content":{"rendered":"<p style=\"text-align: justify;\">Hablar de los derechos del soldado dominicano implica remontarnos al a\u00f1o 1930, un momento que marc\u00f3 un antes y un despu\u00e9s en la protecci\u00f3n social de quienes dedican su vida al servicio de la patria.<\/p>\n<p style=\"text-align: justify;\">En ese a\u00f1o se dio origen al sistema de retiro militar, con solo cinco oficiales que estaban responsables de su administraci\u00f3n y que posteriormente evolucionar\u00eda hasta convertirse en la actual Junta de Retiro y Fondo de Pensiones de las Fuerzas Armadas, considerada la primera instituci\u00f3n en la Rep\u00fablica Dominicana creada para el manejo de pensiones.<\/p>\n<p style=\"text-align: justify;\">Su nacimiento represent\u00f3 un acto de justicia y reconocimiento hacia los hombres que, tras a\u00f1os de sacrificio, disciplina y entrega al uniforme, merec\u00edan una garant\u00eda de dignidad y estabilidad en la etapa de retiro. Desde sus inicios, esta instituci\u00f3n se ha caracterizado por valores fundamentales como el respeto al servicio prestado, la responsabilidad social del Estado, la solidaridad institucional y el compromiso con el bienestar del soldado y su familia.<\/p>\n<p style=\"text-align: justify;\">Con el paso de los a\u00f1os, esta estructura institucional evolucion\u00f3 y se fortaleci\u00f3 hasta convertirse en la actual Junta de Retiro y Fondo de Pensiones de las Fuerzas Armadas (JRFPFFAA), organismo encargado de administrar las pensiones y velar por la estabilidad econ\u00f3mica y social de los militares retirados y sus familiares. Su consolidaci\u00f3n representa uno de los pilares del sistema de protecci\u00f3n social dentro de las Fuerzas Armadas dominicanas.<\/p>\n<p style=\"text-align: justify;\">En la actualidad podemos observar esa credibilidad e institucionalidad que refleja la Junta de Retiro y Fondo de Pensiones de las Fuerzas Armadas, generando satisfacci\u00f3n en cada hombre y mujer que asumieron el compromiso y la dignidad de vestir ese uniforme militar que simboliza honor, respeto a los s\u00edmbolos patrios y el valor necesario en cada circunstancia que as\u00ed lo requiera.<\/p>\n<p style=\"text-align: justify;\">La etapa de mayor conflicto emocional, mental y de adaptaci\u00f3n suele ser la tercera edad, pero tambi\u00e9n debemos considerar momentos dif\u00edciles como la aparici\u00f3n de enfermedades catastr\u00f3ficas, accidentes u otras situaciones complejas en la vida del soldado dominicano. Sin embargo, estas realidades encuentran acompa\u00f1amiento en la empat\u00eda, el respeto y la responsabilidad del personal que trabaja en la Junta de Retiro y Fondo de Pensiones de las Fuerzas Armadas.<\/p>\n<p style=\"text-align: justify;\">El respeto a los militares es esencial porque representan una garant\u00eda fundamental para la estabilidad democr\u00e1tica y para la defensa de los s\u00edmbolos que identifican la identidad hist\u00f3rica, cultural y social de cada naci\u00f3n. Cada soldado asume valores \u00e9ticos, patrios y morales inculcados por la responsabilidad de portar ese uniforme que representa la defensa de la bandera tricolor y la cruz en su centro, s\u00edmbolo de la Rep\u00fablica Dominicana.<\/p>\n<p style=\"text-align: justify;\">En este contexto institucional tambi\u00e9n se destacan los esfuerzos del Ministerio de Defensa, actualmente encabezado por el Teniente General Carlos Antonio Fern\u00e1ndez Onofre, ERD, cuyo liderazgo ha contribuido al fortalecimiento de la institucionalidad militar, impulsando acciones orientadas a la modernizaci\u00f3n de las Fuerzas Armadas, al fortalecimiento de la seguridad nacional y a la protecci\u00f3n de la soberan\u00eda del pa\u00eds, manteniendo siempre como prioridad el bienestar de los hombres y mujeres que sirven a la patria. Finalmente, nuestra valoraci\u00f3n positiva se extiende a cada uno de los generales que han asumido el reto de ser guardianes de la tranquilidad emocional, mental y de los derechos garantizados en la Junta de Retiro y Fondo de Pensiones de las Fuerzas Armadas.<\/p>\n<p style=\"text-align: justify;\">En la actualidad se puede observar la dedicaci\u00f3n permanente del General de Brigada Pablo Roberto Jim\u00e9nez S\u00e1nchez, ERD, presidente de la JRFPFFAA, quien refleja respeto, cercan\u00eda y empat\u00eda hacia cada hombre de uniforme en condici\u00f3n de retiro, as\u00ed como un seguimiento constante a cada solicitud para lograr estabilidad en la vida del soldado dominicano y de sus familiares.<\/p>\n<p style=\"text-align: justify;\">La historia iniciada en 1930 contin\u00faa escribi\u00e9ndose hoy con instituciones m\u00e1s s\u00f3lidas, con una visi\u00f3n m\u00e1s humana del retiro militar y con el reconocimiento permanente a quienes dedicaron su vida a defender la patria.<\/p>\n<p>Fuente: Mario Antonio Lara Valdez<\/p>\n","protected":false},"excerpt":{"rendered":"<p>Hablar de los derechos del soldado dominicano implica remontarnos al a\u00f1o 1930, un momento que<\/p>\n","protected":false},"author":1,"featured_media":56513,"comment_status":"open","ping_status":"open","sticky":false,"template":"","format":"standard","meta":{"footnotes":""},"categories":[4],"tags":[],"class_list":["post-56512","post","type-post","status-publish","format-standard","has-post-thumbnail","hentry","category-opiniones"],"_links":{"self":[{"href":"https:\/\/defrentealaverdad.com\/index.php\/wp-json\/wp\/v2\/posts\/56512","targetHints":{"allow":["GET"]}}],"collection":[{"href":"https:\/\/defrentealaverdad.com\/index.php\/wp-json\/wp\/v2\/posts"}],"about":[{"href":"https:\/\/defrentealaverdad.com\/index.php\/wp-json\/wp\/v2\/types\/post"}],"author":[{"embeddable":true,"href":"https:\/\/defrentealaverdad.com\/index.php\/wp-json\/wp\/v2\/users\/1"}],"replies":[{"embeddable":true,"href":"https:\/\/defrentealaverdad.com\/index.php\/wp-json\/wp\/v2\/comments?post=56512"}],"version-history":[{"count":1,"href":"https:\/\/defrentealaverdad.com\/index.php\/wp-json\/wp\/v2\/posts\/56512\/revisions"}],"predecessor-version":[{"id":56514,"href":"https:\/\/defrentealaverdad.com\/index.php\/wp-json\/wp\/v2\/posts\/56512\/revisions\/56514"}],"wp:featuredmedia":[{"embeddable":true,"href":"https:\/\/defrentealaverdad.com\/index.php\/wp-json\/wp\/v2\/media\/56513"}],"wp:attachment":[{"href":"https:\/\/defrentealaverdad.com\/index.php\/wp-json\/wp\/v2\/media?parent=56512"}],"wp:term":[{"taxonomy":"category","embeddable":true,"href":"https:\/\/defrentealaverdad.com\/index.php\/wp-json\/wp\/v2\/categories?post=56512"},{"taxonomy":"post_tag","embeddable":true,"href":"https:\/\/defrentealaverdad.com\/index.php\/wp-json\/wp\/v2\/tags?post=56512"}],"curies":[{"name":"wp","href":"https:\/\/api.w.org\/{rel}","templated":true}]}}