{"id":56473,"date":"2026-03-10T18:50:43","date_gmt":"2026-03-10T18:50:43","guid":{"rendered":"https:\/\/defrentealaverdad.com\/?p=56473"},"modified":"2026-03-10T22:52:34","modified_gmt":"2026-03-10T22:52:34","slug":"astor-torres-consolida-su-identidad-artistica-con-el-lanzamiento-de-su-cancion-decidido","status":"publish","type":"post","link":"https:\/\/defrentealaverdad.com\/index.php\/2026\/03\/10\/astor-torres-consolida-su-identidad-artistica-con-el-lanzamiento-de-su-cancion-decidido\/","title":{"rendered":"Astor Torres consolida su identidad art\u00edstica con el lanzamiento de su canci\u00f3n \u201cDecidido\u201d"},"content":{"rendered":"<blockquote>\n<p style=\"text-align: center;\">De la balada pop a la intensidad de la rumba espa\u00f1ola rom\u00e1ntica, Astor Torres marca un nuevo cap\u00edtulo en su carrera con una historia que invita a volver a creer en el amor<\/p>\n<\/blockquote>\n<p style=\"text-align: justify;\"><strong>Santo Domingo.<\/strong> El cantautor guatemalteco Astor Torres estrena \u201cDecidido\u201d, un sencillo que se instala en el territorio de la balada pop contempor\u00e1nea para hablar de un momento espec\u00edfico del amor: ese punto en el que, despu\u00e9s de la desconfianza o el desgaste emocional, alguien aparece y cambia la perspectiva por completo.<\/p>\n<p style=\"text-align: justify;\">Lejos de plantear el amor desde el drama o la nostalgia, la canci\u00f3n se construye desde la certeza. La letra gira en torno a la idea de elegir a otra persona con intenci\u00f3n, sin prisa pero sin reservas, cuando el coraz\u00f3n ya tom\u00f3 una decisi\u00f3n. En ese sentido, \u201cDecidido\u201d funciona como una declaraci\u00f3n directa, \u00edntima y sin artificios, apoyada por una interpretaci\u00f3n cercana que refuerza la l\u00ednea art\u00edstica que Torres viene consolidando en su propuesta.<\/p>\n<blockquote>\n<p style=\"text-align: center;\">\u201c\u2018Decidido\u2019 nace de ese momento en el que uno deja de protegerse tanto y se permite sentir sin c\u00e1lculo. Quer\u00eda escribir una canci\u00f3n sobre cuando el amor ya no es una posibilidad, sino una certeza\u201d, Astor Torres.<\/p>\n<\/blockquote>\n<p style=\"text-align: justify;\">Musicalmente, el tema se mueve entre la balada rom\u00e1ntica y el pop latino, con una producci\u00f3n c\u00e1lida y de atm\u00f3sfera cinematogr\u00e1fica a cargo de Carlos Cartaya, quien tambi\u00e9n estuvo al frente de la grabaci\u00f3n y masterizaci\u00f3n en La Cueva Studios de La Habana. La composici\u00f3n re\u00fane a Astor Torres junto a Jes\u00fas Gasc\u00f3n Santana y Jos\u00e9 Miguel Reche Mota, en un trabajo que prioriza la emoci\u00f3n sobre el exceso sonoro.<\/p>\n<p style=\"text-align: justify;\">El lanzamiento llega acompa\u00f1ado de un videoclip oficial dirigido por Henry Garc\u00eda y filmado en la capital cubana, cuya narrativa visual apuesta por una est\u00e9tica rom\u00e1ntica y contenida, en sinton\u00eda con el tono \u00edntimo de la canci\u00f3n.<\/p>\n<blockquote>\n<p style=\"text-align: center;\">\u201cMe interesaba contar el amor desde la calma, no desde el drama. Esta canci\u00f3n habla de elegir a alguien con intenci\u00f3n, cuando el miedo deja de ser el protagonista\u201d, Astor Torres.<\/p>\n<\/blockquote>\n<p style=\"text-align: justify;\">Con este estreno, Torres reafirma su identidad dentro de la balada rom\u00e1ntica contempor\u00e1nea, y expande su m\u00fasica hacia una de las audiencias m\u00e1s apasionadas del mundo, grabando tambi\u00e9n esta canci\u00f3n en portugu\u00e9s. Una propuesta centrada en la honestidad emocional, las historias personales y la conexi\u00f3n directa con el oyente. \u201cDecidido\u201d no plantea el amor como ideal abstracto, sino como una elecci\u00f3n consciente que llega cuando el miedo deja de tener peso.<\/p>\n<p><strong>Sobre Astor Torres\u00a0<\/strong><\/p>\n<p style=\"text-align: justify;\">Astor Torres es un cantautor enfocado en la balada rom\u00e1ntica contempor\u00e1nea. Su propuesta art\u00edstica combina letras honestas, melod\u00edas emotivas y una interpretaci\u00f3n cercana, con el objetivo de conectar con oyentes que creen en el amor real, la vulnerabilidad y las segundas oportunidades.<\/p>\n<p>Fuente: Prensa \u00abAstor Torres\u00bb<\/p>\n","protected":false},"excerpt":{"rendered":"<p>De la balada pop a la intensidad de la rumba espa\u00f1ola rom\u00e1ntica, Astor Torres marca<\/p>\n","protected":false},"author":4,"featured_media":56474,"comment_status":"open","ping_status":"open","sticky":false,"template":"","format":"standard","meta":{"footnotes":""},"categories":[6],"tags":[],"class_list":["post-56473","post","type-post","status-publish","format-standard","has-post-thumbnail","hentry","category-espectaculos"],"_links":{"self":[{"href":"https:\/\/defrentealaverdad.com\/index.php\/wp-json\/wp\/v2\/posts\/56473","targetHints":{"allow":["GET"]}}],"collection":[{"href":"https:\/\/defrentealaverdad.com\/index.php\/wp-json\/wp\/v2\/posts"}],"about":[{"href":"https:\/\/defrentealaverdad.com\/index.php\/wp-json\/wp\/v2\/types\/post"}],"author":[{"embeddable":true,"href":"https:\/\/defrentealaverdad.com\/index.php\/wp-json\/wp\/v2\/users\/4"}],"replies":[{"embeddable":true,"href":"https:\/\/defrentealaverdad.com\/index.php\/wp-json\/wp\/v2\/comments?post=56473"}],"version-history":[{"count":1,"href":"https:\/\/defrentealaverdad.com\/index.php\/wp-json\/wp\/v2\/posts\/56473\/revisions"}],"predecessor-version":[{"id":56475,"href":"https:\/\/defrentealaverdad.com\/index.php\/wp-json\/wp\/v2\/posts\/56473\/revisions\/56475"}],"wp:featuredmedia":[{"embeddable":true,"href":"https:\/\/defrentealaverdad.com\/index.php\/wp-json\/wp\/v2\/media\/56474"}],"wp:attachment":[{"href":"https:\/\/defrentealaverdad.com\/index.php\/wp-json\/wp\/v2\/media?parent=56473"}],"wp:term":[{"taxonomy":"category","embeddable":true,"href":"https:\/\/defrentealaverdad.com\/index.php\/wp-json\/wp\/v2\/categories?post=56473"},{"taxonomy":"post_tag","embeddable":true,"href":"https:\/\/defrentealaverdad.com\/index.php\/wp-json\/wp\/v2\/tags?post=56473"}],"curies":[{"name":"wp","href":"https:\/\/api.w.org\/{rel}","templated":true}]}}