{"id":56470,"date":"2026-03-10T22:50:15","date_gmt":"2026-03-10T22:50:15","guid":{"rendered":"https:\/\/defrentealaverdad.com\/?p=56470"},"modified":"2026-03-10T22:50:15","modified_gmt":"2026-03-10T22:50:15","slug":"moncarlo-restaurant-celebra-el-valor-de-la-mujer-con-emotivo-homenaje-a-madres-del-municipio","status":"publish","type":"post","link":"https:\/\/defrentealaverdad.com\/index.php\/2026\/03\/10\/moncarlo-restaurant-celebra-el-valor-de-la-mujer-con-emotivo-homenaje-a-madres-del-municipio\/","title":{"rendered":"Moncarlo Restaurant celebra \u201cEl Valor de la Mujer\u201d con emotivo homenaje a madres del municipio"},"content":{"rendered":"<p style=\"text-align: justify;\"><strong>Constanza, La Vega, Rep\u00fablica Dominicana<\/strong> \u2013 El pasado domingo 8 de marzo, D\u00eda Internacional de la Mujer, el reconocido Moncarlo Restaurant organiz\u00f3 por primera vez el evento \u201cEl Valor de la Mujer\u201d. Esta iniciativa distingui\u00f3 a 35 madres constanceras, por su dedicaci\u00f3n ejemplar a la familia y su contribuci\u00f3n esencial a la comunidad.<\/p>\n<p style=\"text-align: justify;\">La celebraci\u00f3n se llev\u00f3 a cabo en la Terraza Don Mat\u00edas, un espacio abierto y acogedor que aprovecha el clima fresco y agradable de Constanza para crear un ambiente relajado, familiar y especialmente propicio para actos de esta naturaleza. Este entorno complementa las fortalezas del restaurante: un men\u00fa variado que integra sabores internacionales con platos criollos tradicionales \u2014entre los que destacan pizzas artesanales, carnes como el chivo a la Constanza, conejo al vino, pastas frescas, mariscos y sopas generosas\u2014, porciones abundantes de alta calidad, servicio atento y una excelente relaci\u00f3n precio-calidad que los comensales valoran consistentemente.<\/p>\n<p style=\"text-align: justify;\">El acto fue coordinado por Esmil Hern\u00e1ndez, secretario general de ADOMPRETUR Constanza, y conducido por el locutor Edgar Acevedo, director de Constanza TV Canal 8. Comenz\u00f3 con una invocaci\u00f3n a cargo de Elda Moquete, seguida de las palabras de apertura pronunciadas por Ana Kuret, presidenta ejecutiva del restaurante y esposa de Carlos Ram\u00f3n Mat\u00edas, presidente de MQ L\u00e1mparas. Posteriormente, se ofrecieron mensajes especiales de la ingeniera y escritora Ruth Santos, la diputada Gabriela Abreu, el ingeniero Marcel Calca\u00f1o y el regidor Carlos Quezada, quienes subrayaron el rol indispensable de las mujeres en la sociedad.<\/p>\n<p style=\"text-align: justify;\">La jornada incluy\u00f3 un desayuno c\u00e1lido que promovi\u00f3 la confraternidad, seguido de un emotivo desfile sobre alfombra roja en el que cada homenajeada recorri\u00f3 el espacio junto a las autoridades para recibir obsequios y reconocimientos. Entre los asistentes destacaron la diputada Gabriela Abreu, el cura p\u00e1rroco Ambiorix Tolentino, Alexander Galv\u00e1n Nova (en representaci\u00f3n de la vicealcaldesa Belkis Victoriano), el regidor Carlos Quezada, el empresario Marcel Calca\u00f1o, el di\u00e1cono Jose\u00edn Romero, Elva Rosario y Ruth Santos.<\/p>\n<p style=\"text-align: justify;\">En la clausura, Carlos Mat\u00edas Quezada (Carlucho) , expres\u00f3 con emoci\u00f3n: \u201cCompartir con estas madres ejemplares ha sido una experiencia enriquecedora\u201d. Anunci\u00f3 la intenci\u00f3n de institucionalizar el homenaje como tradici\u00f3n anual para honrar de forma permanente el valor de la mujer constancera y dominicana. Adem\u00e1s, extendi\u00f3 un agradecimiento a todas las personas, empresas e instituciones que contribuyeron al \u00e9xito del evento, en el que participaron m\u00e1s de cien mujeres.<\/p>\n<p style=\"text-align: justify;\">Con esta actividad, Moncarlo Restaurant reafirma su excelencia gastron\u00f3mica y hospitalaria al tiempo que fortalece su compromiso con la comunidad, consolid\u00e1ndose como un espacio que integra calidad culinaria con valores sociales en el coraz\u00f3n de Constanza.<\/p>\n<p>Fuente: Montecarlo Restaurant<\/p>\n","protected":false},"excerpt":{"rendered":"<p>Constanza, La Vega, Rep\u00fablica Dominicana \u2013 El pasado domingo 8 de marzo, D\u00eda Internacional de<\/p>\n","protected":false},"author":4,"featured_media":56471,"comment_status":"open","ping_status":"open","sticky":false,"template":"","format":"standard","meta":{"footnotes":""},"categories":[13],"tags":[],"class_list":["post-56470","post","type-post","status-publish","format-standard","has-post-thumbnail","hentry","category-sociales"],"_links":{"self":[{"href":"https:\/\/defrentealaverdad.com\/index.php\/wp-json\/wp\/v2\/posts\/56470","targetHints":{"allow":["GET"]}}],"collection":[{"href":"https:\/\/defrentealaverdad.com\/index.php\/wp-json\/wp\/v2\/posts"}],"about":[{"href":"https:\/\/defrentealaverdad.com\/index.php\/wp-json\/wp\/v2\/types\/post"}],"author":[{"embeddable":true,"href":"https:\/\/defrentealaverdad.com\/index.php\/wp-json\/wp\/v2\/users\/4"}],"replies":[{"embeddable":true,"href":"https:\/\/defrentealaverdad.com\/index.php\/wp-json\/wp\/v2\/comments?post=56470"}],"version-history":[{"count":1,"href":"https:\/\/defrentealaverdad.com\/index.php\/wp-json\/wp\/v2\/posts\/56470\/revisions"}],"predecessor-version":[{"id":56472,"href":"https:\/\/defrentealaverdad.com\/index.php\/wp-json\/wp\/v2\/posts\/56470\/revisions\/56472"}],"wp:featuredmedia":[{"embeddable":true,"href":"https:\/\/defrentealaverdad.com\/index.php\/wp-json\/wp\/v2\/media\/56471"}],"wp:attachment":[{"href":"https:\/\/defrentealaverdad.com\/index.php\/wp-json\/wp\/v2\/media?parent=56470"}],"wp:term":[{"taxonomy":"category","embeddable":true,"href":"https:\/\/defrentealaverdad.com\/index.php\/wp-json\/wp\/v2\/categories?post=56470"},{"taxonomy":"post_tag","embeddable":true,"href":"https:\/\/defrentealaverdad.com\/index.php\/wp-json\/wp\/v2\/tags?post=56470"}],"curies":[{"name":"wp","href":"https:\/\/api.w.org\/{rel}","templated":true}]}}