{"id":5638,"date":"2023-06-28T20:16:57","date_gmt":"2023-06-28T20:16:57","guid":{"rendered":"https:\/\/defrentealaverdad.com\/?p=5638"},"modified":"2023-06-28T20:25:41","modified_gmt":"2023-06-28T20:25:41","slug":"la-rlcd-concluye-con-exito-la-3era-edicion-del-congreso-on-air","status":"publish","type":"post","link":"https:\/\/defrentealaverdad.com\/index.php\/2023\/06\/28\/la-rlcd-concluye-con-exito-la-3era-edicion-del-congreso-on-air\/","title":{"rendered":"La RLCD concluye con \u00e9xito la 3era edici\u00f3n del Congreso \u201cON AIR\u201d"},"content":{"rendered":"<p style=\"text-align: justify;\"><img decoding=\"async\" class=\"wp-image-5640 alignright lazyload\" data-src=\"https:\/\/defrentealaverdad.com\/wp-content\/uploads\/2023\/06\/WhatsApp-Image-2023-06-28-at-16.08.40-300x225.jpeg\" alt=\"\" width=\"234\" height=\"175\" data-srcset=\"https:\/\/defrentealaverdad.com\/wp-content\/uploads\/2023\/06\/WhatsApp-Image-2023-06-28-at-16.08.40-300x225.jpeg 300w, https:\/\/defrentealaverdad.com\/wp-content\/uploads\/2023\/06\/WhatsApp-Image-2023-06-28-at-16.08.40-1024x768.jpeg 1024w, https:\/\/defrentealaverdad.com\/wp-content\/uploads\/2023\/06\/WhatsApp-Image-2023-06-28-at-16.08.40-768x576.jpeg 768w, https:\/\/defrentealaverdad.com\/wp-content\/uploads\/2023\/06\/WhatsApp-Image-2023-06-28-at-16.08.40-1536x1153.jpeg 1536w, https:\/\/defrentealaverdad.com\/wp-content\/uploads\/2023\/06\/WhatsApp-Image-2023-06-28-at-16.08.40-720x540.jpeg 720w, https:\/\/defrentealaverdad.com\/wp-content\/uploads\/2023\/06\/WhatsApp-Image-2023-06-28-at-16.08.40.jpeg 1599w\" data-sizes=\"(max-width: 234px) 100vw, 234px\" src=\"data:image\/svg+xml;base64,PHN2ZyB3aWR0aD0iMSIgaGVpZ2h0PSIxIiB4bWxucz0iaHR0cDovL3d3dy53My5vcmcvMjAwMC9zdmciPjwvc3ZnPg==\" style=\"--smush-placeholder-width: 234px; --smush-placeholder-aspect-ratio: 234\/175;\" \/>Con un sal\u00f3n completamente a capacidad, la Red de Locutores Cristianos Dominicanos (RLCD) concluy\u00f3 el 3er Congreso de Locutores \u201cON AIR\u201d. Encuentro desarrollado con el objetivo de ofrecer capacitaci\u00f3n de alto nivel y desarrollar un espacio para el networking, herramientas importantes de crecimiento, para los profesionales de la comunicaci\u00f3n, se llev\u00f3 a cabo est\u00e1 actividad como parte de la agenda de este a\u00f1o 2023 del gremio locutoril.<\/p>\n<p style=\"text-align: justify;\">Entre las figuras que expusieron sus conocimientos y se dieron cita en el espacio formativo se destacaron la reconocida locutora Lissette Selman, el veterano comunicador Miguel Susana. De igual modo, resaltaron los aportes del escritor y locutor Guarionex Alc\u00e1ntara, las comunicadoras Ana Cabrera, Noelia Duvergu\u00e9, Carla S\u00e1nchez, Jasmiri Rosa, acompa\u00f1adas del Asesor Fitness, Wellitong Montero. En el evento, cada expositor disert\u00f3 magistralmente sobre los t\u00f3picos de mayor relevancia <img decoding=\"async\" class=\"wp-image-5641 alignleft lazyload\" style=\"--smush-placeholder-width: 184px; --smush-placeholder-aspect-ratio: 184\/230;text-align: justify;\" data-src=\"https:\/\/defrentealaverdad.com\/wp-content\/uploads\/2023\/06\/WhatsApp-Image-2023-06-28-at-16.08.41-240x300.jpeg\" alt=\"\" width=\"184\" height=\"230\" data-srcset=\"https:\/\/defrentealaverdad.com\/wp-content\/uploads\/2023\/06\/WhatsApp-Image-2023-06-28-at-16.08.41-240x300.jpeg 240w, https:\/\/defrentealaverdad.com\/wp-content\/uploads\/2023\/06\/WhatsApp-Image-2023-06-28-at-16.08.41-819x1024.jpeg 819w, https:\/\/defrentealaverdad.com\/wp-content\/uploads\/2023\/06\/WhatsApp-Image-2023-06-28-at-16.08.41-768x960.jpeg 768w, https:\/\/defrentealaverdad.com\/wp-content\/uploads\/2023\/06\/WhatsApp-Image-2023-06-28-at-16.08.41.jpeg 1080w\" data-sizes=\"(max-width: 184px) 100vw, 184px\" src=\"data:image\/svg+xml;base64,PHN2ZyB3aWR0aD0iMSIgaGVpZ2h0PSIxIiB4bWxucz0iaHR0cDovL3d3dy53My5vcmcvMjAwMC9zdmciPjwvc3ZnPg==\" \/>para esta nueva era de la comunicaci\u00f3n digital tratados desde un enfoque vanguardista y acorde a los nuevos tiempos.<\/p>\n<p style=\"text-align: justify;\">Jerfferson Rodr\u00edguez, presidente y fundador de la RLCD inst\u00f3 a los representantes de los distintos gremios de la comunicaci\u00f3n y la locuci\u00f3n presentes, a apoyar las actividades de capacitaci\u00f3n, as\u00ed como a aunar esfuerzos en la b\u00fasqueda de dejar un legado en las nuevas generaciones.<\/p>\n<p>Al finalizar del congreso, Rodr\u00edguez y sus colaboradores agradecieron a los administradores de Unescoop Internacional por su apoyo log\u00edstico y locaciones que albergaron esta 3era versi\u00f3n del Congreso \u00abOn Air\u00bb. Tambi\u00e9n se extendi\u00f3 agradecimiento a la Escuela Nacional de Locuci\u00f3n Profesor Otto Rivera y a los miembros de la Prensa por el apoyo acostumbrado.<\/p>\n<p style=\"text-align: justify;\">De igual modo, la RLCD invit\u00f3 a los participantes a estar atentos a sus redes sociales y programaci\u00f3n de actividades para los pr\u00f3ximos meses del 2023.<\/p>\n<p style=\"text-align: justify;\">Fuente: Direcci\u00f3n de Prensa RLCD<\/p>\n","protected":false},"excerpt":{"rendered":"<p>Con un sal\u00f3n completamente a capacidad, la Red de Locutores Cristianos Dominicanos (RLCD) concluy\u00f3 el<\/p>\n","protected":false},"author":4,"featured_media":0,"comment_status":"open","ping_status":"open","sticky":false,"template":"","format":"standard","meta":{"footnotes":""},"categories":[7],"tags":[],"class_list":["post-5638","post","type-post","status-publish","format-standard","hentry","category-nacionales"],"_links":{"self":[{"href":"https:\/\/defrentealaverdad.com\/index.php\/wp-json\/wp\/v2\/posts\/5638","targetHints":{"allow":["GET"]}}],"collection":[{"href":"https:\/\/defrentealaverdad.com\/index.php\/wp-json\/wp\/v2\/posts"}],"about":[{"href":"https:\/\/defrentealaverdad.com\/index.php\/wp-json\/wp\/v2\/types\/post"}],"author":[{"embeddable":true,"href":"https:\/\/defrentealaverdad.com\/index.php\/wp-json\/wp\/v2\/users\/4"}],"replies":[{"embeddable":true,"href":"https:\/\/defrentealaverdad.com\/index.php\/wp-json\/wp\/v2\/comments?post=5638"}],"version-history":[{"count":5,"href":"https:\/\/defrentealaverdad.com\/index.php\/wp-json\/wp\/v2\/posts\/5638\/revisions"}],"predecessor-version":[{"id":5645,"href":"https:\/\/defrentealaverdad.com\/index.php\/wp-json\/wp\/v2\/posts\/5638\/revisions\/5645"}],"wp:attachment":[{"href":"https:\/\/defrentealaverdad.com\/index.php\/wp-json\/wp\/v2\/media?parent=5638"}],"wp:term":[{"taxonomy":"category","embeddable":true,"href":"https:\/\/defrentealaverdad.com\/index.php\/wp-json\/wp\/v2\/categories?post=5638"},{"taxonomy":"post_tag","embeddable":true,"href":"https:\/\/defrentealaverdad.com\/index.php\/wp-json\/wp\/v2\/tags?post=5638"}],"curies":[{"name":"wp","href":"https:\/\/api.w.org\/{rel}","templated":true}]}}