{"id":56305,"date":"2026-03-06T20:04:49","date_gmt":"2026-03-06T20:04:49","guid":{"rendered":"https:\/\/defrentealaverdad.com\/?p=56305"},"modified":"2026-03-08T01:06:18","modified_gmt":"2026-03-08T01:06:18","slug":"fallece-douglas-borrell-exdirector-de-la-comision-militar-y-policial-comipol","status":"publish","type":"post","link":"https:\/\/defrentealaverdad.com\/index.php\/2026\/03\/06\/fallece-douglas-borrell-exdirector-de-la-comision-militar-y-policial-comipol\/","title":{"rendered":"Fallece Douglas Borrell, exdirector de la Comisi\u00f3n Militar y Policial (Comipol)"},"content":{"rendered":"<p>Por F\u00e9lix Rubio<\/p>\n<blockquote>\n<p style=\"text-align: center;\">Seg\u00fan informaciones preliminares, Borrell permanec\u00eda ingresado en un centro de salud luego de sufrir un paro card\u00edaco<\/p>\n<\/blockquote>\n<p style=\"text-align: justify;\">SANTO DOMINGO.- Falleci\u00f3 el viernes el exdirector de la Comisi\u00f3n Militar y Policial (Comipol), coronel del Ej\u00e9rcito de la Rep\u00fablica Dominicana, Douglas Vladimir Borrell.<\/p>\n<p style=\"text-align: justify;\">Seg\u00fan informaciones preliminares, Borrell permanec\u00eda ingresado en un centro de salud luego de sufrir un paro card\u00edaco.<\/p>\n<p style=\"text-align: justify;\">Tras la noticia de su fallecimiento, la Comisi\u00f3n Militar y Policial (Comipol), donde fungi\u00f3 como director, emiti\u00f3 un comunicado expresando sus condolencias a la familia por el deceso del coronel.<\/p>\n<blockquote>\n<p style=\"text-align: center;\">\u201cLa Comipol expresa su profundo pesar por el fallecimiento del coronel Douglas Borrell Ortiz, ERD, pasado director de esta instituci\u00f3n durante el per\u00edodo 2019-2020\u201d, public\u00f3 la entidad, seg\u00fan rese\u00f1a el List\u00edn Diario.<\/p>\n<\/blockquote>\n<p style=\"text-align: justify;\">Adem\u00e1s de dirigir la Comipol, Borrell Ortiz se desempe\u00f1\u00f3 como director del Programa de Mantenimiento de Carreteras del Ministerio de Obras P\u00fablicas (MOPC)<\/p>\n<p style=\"text-align: justify;\">Asimismo, la Comisi\u00f3n Militar y Policial, donde fungi\u00f3 como director, emiti\u00f3 un comunicado expresando sus condolencias a la familia por el deceso del coronel, quien tambi\u00e9n era propietario de la empresa Dolin Dive Center, que ofrece servicios de deportes acu\u00e1ticos en complejos tur\u00edsticos del pa\u00eds.<\/p>\n<p>Fuente: Prensa COMIPOL<\/p>\n","protected":false},"excerpt":{"rendered":"<p>Por F\u00e9lix Rubio Seg\u00fan informaciones preliminares, Borrell permanec\u00eda ingresado en un centro de salud luego<\/p>\n","protected":false},"author":1,"featured_media":56307,"comment_status":"open","ping_status":"open","sticky":false,"template":"","format":"standard","meta":{"footnotes":""},"categories":[7],"tags":[],"class_list":["post-56305","post","type-post","status-publish","format-standard","has-post-thumbnail","hentry","category-nacionales"],"_links":{"self":[{"href":"https:\/\/defrentealaverdad.com\/index.php\/wp-json\/wp\/v2\/posts\/56305","targetHints":{"allow":["GET"]}}],"collection":[{"href":"https:\/\/defrentealaverdad.com\/index.php\/wp-json\/wp\/v2\/posts"}],"about":[{"href":"https:\/\/defrentealaverdad.com\/index.php\/wp-json\/wp\/v2\/types\/post"}],"author":[{"embeddable":true,"href":"https:\/\/defrentealaverdad.com\/index.php\/wp-json\/wp\/v2\/users\/1"}],"replies":[{"embeddable":true,"href":"https:\/\/defrentealaverdad.com\/index.php\/wp-json\/wp\/v2\/comments?post=56305"}],"version-history":[{"count":1,"href":"https:\/\/defrentealaverdad.com\/index.php\/wp-json\/wp\/v2\/posts\/56305\/revisions"}],"predecessor-version":[{"id":56308,"href":"https:\/\/defrentealaverdad.com\/index.php\/wp-json\/wp\/v2\/posts\/56305\/revisions\/56308"}],"wp:featuredmedia":[{"embeddable":true,"href":"https:\/\/defrentealaverdad.com\/index.php\/wp-json\/wp\/v2\/media\/56307"}],"wp:attachment":[{"href":"https:\/\/defrentealaverdad.com\/index.php\/wp-json\/wp\/v2\/media?parent=56305"}],"wp:term":[{"taxonomy":"category","embeddable":true,"href":"https:\/\/defrentealaverdad.com\/index.php\/wp-json\/wp\/v2\/categories?post=56305"},{"taxonomy":"post_tag","embeddable":true,"href":"https:\/\/defrentealaverdad.com\/index.php\/wp-json\/wp\/v2\/tags?post=56305"}],"curies":[{"name":"wp","href":"https:\/\/api.w.org\/{rel}","templated":true}]}}