{"id":56296,"date":"2026-03-06T18:21:33","date_gmt":"2026-03-06T18:21:33","guid":{"rendered":"https:\/\/defrentealaverdad.com\/?p=56296"},"modified":"2026-03-07T23:26:04","modified_gmt":"2026-03-07T23:26:04","slug":"abinader-fortalece-dialogo-comercial-con-estados-unidos-durante-cumbre-en-miami","status":"publish","type":"post","link":"https:\/\/defrentealaverdad.com\/index.php\/2026\/03\/06\/abinader-fortalece-dialogo-comercial-con-estados-unidos-durante-cumbre-en-miami\/","title":{"rendered":"Abinader fortalece di\u00e1logo comercial con Estados Unidos durante cumbre en Miami"},"content":{"rendered":"<p>&nbsp;<\/p>\n<blockquote>\n<p style=\"text-align: center;\">El mandatario sostuvo una reuni\u00f3n bilateral con el representante comercial Jamieson Greer, acompa\u00f1ado del canciller Roberto \u00c1lvarez<\/p>\n<\/blockquote>\n<p>&nbsp;<\/p>\n<p style=\"text-align: justify;\"><strong>Miami, Florida.\u2013<\/strong> Como parte de su agenda oficial durante la cumbre \u201cEscudo de las Am\u00e9ricas\u201d, el presidente Luis Abinader sostuvo un encuentro bilateral con el representante comercial de los Estados Unidos, Jamieson Greer, con quien convers\u00f3 sobre el fortalecimiento de las relaciones comerciales entre ambas naciones.<\/p>\n<p style=\"text-align: justify;\">Durante el encuentro, ambas autoridades abordaron temas relacionados con el fortalecimiento de las relaciones comerciales entre la Rep\u00fablica Dominicana y los Estados Unidos, as\u00ed como oportunidades para ampliar la cooperaci\u00f3n econ\u00f3mica y promover un mayor intercambio bilateral.<\/p>\n<p style=\"text-align: justify;\">En la reuni\u00f3n tambi\u00e9n estuvo presente el ministro de Relaciones Exteriores, Roberto \u00c1lvarez, quien acompa\u00f1\u00f3 al mandatario dominicano en este espacio de di\u00e1logo orientado a consolidar los v\u00ednculos comerciales entre ambas naciones.<\/p>\n<p style=\"text-align: justify;\">La reuni\u00f3n se desarroll\u00f3 como parte de la agenda oficial del presidente Abinader durante su participaci\u00f3n en la cumbre \u201cEscudo de las Am\u00e9ricas\u201d, un encuentro de alto nivel que re\u00fane a l\u00edderes del hemisferio con el prop\u00f3sito de fortalecer la cooperaci\u00f3n regional frente a desaf\u00edos comunes.<\/p>\n<p>Fuente: Dir. Prensa del Presidente<\/p>\n","protected":false},"excerpt":{"rendered":"<p>&nbsp; El mandatario sostuvo una reuni\u00f3n bilateral con el representante comercial Jamieson Greer, acompa\u00f1ado del<\/p>\n","protected":false},"author":4,"featured_media":56297,"comment_status":"open","ping_status":"open","sticky":false,"template":"","format":"standard","meta":{"footnotes":""},"categories":[16],"tags":[],"class_list":["post-56296","post","type-post","status-publish","format-standard","has-post-thumbnail","hentry","category-internacionales"],"_links":{"self":[{"href":"https:\/\/defrentealaverdad.com\/index.php\/wp-json\/wp\/v2\/posts\/56296","targetHints":{"allow":["GET"]}}],"collection":[{"href":"https:\/\/defrentealaverdad.com\/index.php\/wp-json\/wp\/v2\/posts"}],"about":[{"href":"https:\/\/defrentealaverdad.com\/index.php\/wp-json\/wp\/v2\/types\/post"}],"author":[{"embeddable":true,"href":"https:\/\/defrentealaverdad.com\/index.php\/wp-json\/wp\/v2\/users\/4"}],"replies":[{"embeddable":true,"href":"https:\/\/defrentealaverdad.com\/index.php\/wp-json\/wp\/v2\/comments?post=56296"}],"version-history":[{"count":1,"href":"https:\/\/defrentealaverdad.com\/index.php\/wp-json\/wp\/v2\/posts\/56296\/revisions"}],"predecessor-version":[{"id":56298,"href":"https:\/\/defrentealaverdad.com\/index.php\/wp-json\/wp\/v2\/posts\/56296\/revisions\/56298"}],"wp:featuredmedia":[{"embeddable":true,"href":"https:\/\/defrentealaverdad.com\/index.php\/wp-json\/wp\/v2\/media\/56297"}],"wp:attachment":[{"href":"https:\/\/defrentealaverdad.com\/index.php\/wp-json\/wp\/v2\/media?parent=56296"}],"wp:term":[{"taxonomy":"category","embeddable":true,"href":"https:\/\/defrentealaverdad.com\/index.php\/wp-json\/wp\/v2\/categories?post=56296"},{"taxonomy":"post_tag","embeddable":true,"href":"https:\/\/defrentealaverdad.com\/index.php\/wp-json\/wp\/v2\/tags?post=56296"}],"curies":[{"name":"wp","href":"https:\/\/api.w.org\/{rel}","templated":true}]}}