{"id":56275,"date":"2026-03-06T16:19:48","date_gmt":"2026-03-06T16:19:48","guid":{"rendered":"https:\/\/defrentealaverdad.com\/?p=56275"},"modified":"2026-03-07T22:21:36","modified_gmt":"2026-03-07T22:21:36","slug":"denuncian-agresiones-y-uso-de-gases-lacrimogenos-contra-la-prensa-durante-cobertura-de-presunto-maltrato-en-centro-de-estimulacion-temprana","status":"publish","type":"post","link":"https:\/\/defrentealaverdad.com\/index.php\/2026\/03\/06\/denuncian-agresiones-y-uso-de-gases-lacrimogenos-contra-la-prensa-durante-cobertura-de-presunto-maltrato-en-centro-de-estimulacion-temprana\/","title":{"rendered":"Denuncian agresiones y uso de gases lacrim\u00f3genos contra la prensa durante cobertura de presunto maltrato en Centro de Estimulaci\u00f3n Temprana"},"content":{"rendered":"<p style=\"text-align: justify;\"><strong>Santo Domingo Este<\/strong> \u2014 Miembros de la prensa denunciaron hoy que agentes de la Polic\u00eda Nacional lanzaron bombas lacrim\u00f3genas y agredieron a periodistas y camar\u00f3grafos mientras cubr\u00edan un presunto caso de maltrato ocurrido en el Centro de Estimulaci\u00f3n Temprana de Alma Rosa.<\/p>\n<p style=\"text-align: justify;\">Seg\u00fan relatos de los afectados, la intervenci\u00f3n policial ocurri\u00f3 tras reportes de maltrato por parte de una maestra del centro. Periodistas presentes informan adem\u00e1s que personas allegadas a la acusada agredieron a varios miembros de la prensa, y que los agentes policiales se limitaron a proteger a los agresores en lugar de garantizar la seguridad de los profesionales de la informaci\u00f3n.<\/p>\n<p style=\"text-align: justify;\">Testimonios recabados en el lugar indican que, adem\u00e1s del lanzamiento de gas lacrim\u00f3geno, algunos reporteros fueron empujados y sufrieron intimidaciones durante la cobertura. Los afectados exigen una investigaci\u00f3n imparcial sobre los hechos y responsabilidades por las agresiones y la actuaci\u00f3n policial.<\/p>\n<p style=\"text-align: justify;\">Se solicita a las autoridades competentes de la Polic\u00eda Nacional y a la Procuradur\u00eda iniciar las pesquisas correspondientes, garantizar la seguridad de la prensa y esclarecer la conducta de los agentes presentes. Asimismo, los gremios period\u00edsticos han sido convocados a evaluar medidas de respaldo y protecci\u00f3n para sus miembros.<\/p>\n<p>Fuente: Carlos Polanco<\/p>\n","protected":false},"excerpt":{"rendered":"<p>Santo Domingo Este \u2014 Miembros de la prensa denunciaron hoy que agentes de la Polic\u00eda<\/p>\n","protected":false},"author":1,"featured_media":56276,"comment_status":"open","ping_status":"open","sticky":false,"template":"","format":"standard","meta":{"footnotes":""},"categories":[7],"tags":[],"class_list":["post-56275","post","type-post","status-publish","format-standard","has-post-thumbnail","hentry","category-nacionales"],"_links":{"self":[{"href":"https:\/\/defrentealaverdad.com\/index.php\/wp-json\/wp\/v2\/posts\/56275","targetHints":{"allow":["GET"]}}],"collection":[{"href":"https:\/\/defrentealaverdad.com\/index.php\/wp-json\/wp\/v2\/posts"}],"about":[{"href":"https:\/\/defrentealaverdad.com\/index.php\/wp-json\/wp\/v2\/types\/post"}],"author":[{"embeddable":true,"href":"https:\/\/defrentealaverdad.com\/index.php\/wp-json\/wp\/v2\/users\/1"}],"replies":[{"embeddable":true,"href":"https:\/\/defrentealaverdad.com\/index.php\/wp-json\/wp\/v2\/comments?post=56275"}],"version-history":[{"count":1,"href":"https:\/\/defrentealaverdad.com\/index.php\/wp-json\/wp\/v2\/posts\/56275\/revisions"}],"predecessor-version":[{"id":56277,"href":"https:\/\/defrentealaverdad.com\/index.php\/wp-json\/wp\/v2\/posts\/56275\/revisions\/56277"}],"wp:featuredmedia":[{"embeddable":true,"href":"https:\/\/defrentealaverdad.com\/index.php\/wp-json\/wp\/v2\/media\/56276"}],"wp:attachment":[{"href":"https:\/\/defrentealaverdad.com\/index.php\/wp-json\/wp\/v2\/media?parent=56275"}],"wp:term":[{"taxonomy":"category","embeddable":true,"href":"https:\/\/defrentealaverdad.com\/index.php\/wp-json\/wp\/v2\/categories?post=56275"},{"taxonomy":"post_tag","embeddable":true,"href":"https:\/\/defrentealaverdad.com\/index.php\/wp-json\/wp\/v2\/tags?post=56275"}],"curies":[{"name":"wp","href":"https:\/\/api.w.org\/{rel}","templated":true}]}}