{"id":56263,"date":"2026-03-06T14:01:39","date_gmt":"2026-03-06T14:01:39","guid":{"rendered":"https:\/\/defrentealaverdad.com\/?p=56263"},"modified":"2026-03-07T22:03:46","modified_gmt":"2026-03-07T22:03:46","slug":"dirigente-politico-de-la-circunscripcion-3-aclara-declaraciones-del-general-zorrilla-ozuna","status":"publish","type":"post","link":"https:\/\/defrentealaverdad.com\/index.php\/2026\/03\/06\/dirigente-politico-de-la-circunscripcion-3-aclara-declaraciones-del-general-zorrilla-ozuna\/","title":{"rendered":"Dirigente pol\u00edtico de la Circunscripci\u00f3n 3 aclara declaraciones del general Zorrilla Ozuna"},"content":{"rendered":"<p style=\"text-align: justify;\"><strong>Santo Domingo.\u2013<\/strong> El dirigente pol\u00edtico de la Circunscripci\u00f3n No. 3 de Santo Domingo, Nicol\u00e1s Concepci\u00f3n N\u00fa\u00f1ez, ofreci\u00f3 declaraciones p\u00fablicas con el prop\u00f3sito de aclarar recientes afirmaciones realizadas por el general retirado Jorge Radham\u00e9s Zorrilla Ozuna durante una entrevista transmitida en el programa El Sol de la Ma\u00f1ana.<\/p>\n<p style=\"text-align: justify;\">Concepci\u00f3n N\u00fa\u00f1ez manifest\u00f3 que las declaraciones del general no corresponden a la realidad en lo referente a su familia y su vinculaci\u00f3n con la organizaci\u00f3n pol\u00edtica Partido C\u00edvico Renovador. En ese sentido, aclar\u00f3 que ninguno de sus hermanos forma parte de dicha organizaci\u00f3n ni ocupa posiciones dirigenciales dentro de esa estructura.<\/p>\n<p style=\"text-align: justify;\">El dirigente expres\u00f3 adem\u00e1s que no comprende las razones por las cuales el general ha decidido ofrecer informaciones que, seg\u00fan afirm\u00f3, no se ajustan a los hechos conocidos por los distintos equipos pol\u00edticos de la Circunscripci\u00f3n No. 3. \u201cNo entendemos por qu\u00e9 se debe mentir a los medios de comunicaci\u00f3n ni a la poblaci\u00f3n sobre una situaci\u00f3n que es ampliamente conocida por los equipos pol\u00edticos que operan en esta demarcaci\u00f3n\u201d, sostuvo.<\/p>\n<p style=\"text-align: justify;\">Asimismo, indic\u00f3 que las declaraciones emitidas buscan minimizar el trabajo pol\u00edtico que ha desarrollado durante a\u00f1os en la circunscripci\u00f3n. A su juicio, el contexto pol\u00edtico posterior a los procesos electorales ha generado tensiones internas en diferentes organizaciones, situaci\u00f3n que ha provocado interpretaciones err\u00f3neas sobre apoyos y liderazgos en la zona.<\/p>\n<p style=\"text-align: justify;\">Concepci\u00f3n N\u00fa\u00f1ez tambi\u00e9n se\u00f1al\u00f3 que en su momento existieron diferencias pol\u00edticas relacionadas con aspiraciones y candidaturas dentro de la estructura partidaria, mencionando particularmente la intenci\u00f3n de promover la candidatura a diputado de Jorgito Ozuna, hecho que \u2014seg\u00fan explic\u00f3\u2014 gener\u00f3 inconformidad en importantes sectores del partido.<\/p>\n<p style=\"text-align: justify;\">No obstante, el dirigente enfatiz\u00f3 que mantiene respeto personal hacia el general Zorrilla Ozuna y expres\u00f3 su deseo de que contin\u00fae teniendo \u00e9xito en sus proyectos pol\u00edticos y personales.<\/p>\n<blockquote>\n<p style=\"text-align: center;\">\u201cNuestro planteamiento no responde a confrontaciones personales. Somos una familia de principios cristianos y creemos en el respeto y la transparencia\u201d, afirm\u00f3.<\/p>\n<\/blockquote>\n<p style=\"text-align: justify;\">Finalmente, Nicol\u00e1s Concepci\u00f3n N\u00fa\u00f1ez reiter\u00f3 que su posici\u00f3n busca evitar que se utilice el nombre de la familia Concepci\u00f3n como referencia de respaldo pol\u00edtico dentro de la Circunscripci\u00f3n No. 3 y del Distrito Nacional, aclarando que, aunque existe una relaci\u00f3n de amistad y respeto, en la actualidad no hay apoyo pol\u00edtico de su parte hacia dicha estructura.<\/p>\n<p>&nbsp;<\/p>\n<p>Fuente: Equipo \u00abNicolas Concepci\u00f3n\u00bb<\/p>\n","protected":false},"excerpt":{"rendered":"<p>Santo Domingo.\u2013 El dirigente pol\u00edtico de la Circunscripci\u00f3n No. 3 de Santo Domingo, Nicol\u00e1s Concepci\u00f3n<\/p>\n","protected":false},"author":1,"featured_media":56264,"comment_status":"open","ping_status":"open","sticky":false,"template":"","format":"standard","meta":{"footnotes":""},"categories":[12],"tags":[],"class_list":["post-56263","post","type-post","status-publish","format-standard","has-post-thumbnail","hentry","category-politicas"],"_links":{"self":[{"href":"https:\/\/defrentealaverdad.com\/index.php\/wp-json\/wp\/v2\/posts\/56263","targetHints":{"allow":["GET"]}}],"collection":[{"href":"https:\/\/defrentealaverdad.com\/index.php\/wp-json\/wp\/v2\/posts"}],"about":[{"href":"https:\/\/defrentealaverdad.com\/index.php\/wp-json\/wp\/v2\/types\/post"}],"author":[{"embeddable":true,"href":"https:\/\/defrentealaverdad.com\/index.php\/wp-json\/wp\/v2\/users\/1"}],"replies":[{"embeddable":true,"href":"https:\/\/defrentealaverdad.com\/index.php\/wp-json\/wp\/v2\/comments?post=56263"}],"version-history":[{"count":1,"href":"https:\/\/defrentealaverdad.com\/index.php\/wp-json\/wp\/v2\/posts\/56263\/revisions"}],"predecessor-version":[{"id":56265,"href":"https:\/\/defrentealaverdad.com\/index.php\/wp-json\/wp\/v2\/posts\/56263\/revisions\/56265"}],"wp:featuredmedia":[{"embeddable":true,"href":"https:\/\/defrentealaverdad.com\/index.php\/wp-json\/wp\/v2\/media\/56264"}],"wp:attachment":[{"href":"https:\/\/defrentealaverdad.com\/index.php\/wp-json\/wp\/v2\/media?parent=56263"}],"wp:term":[{"taxonomy":"category","embeddable":true,"href":"https:\/\/defrentealaverdad.com\/index.php\/wp-json\/wp\/v2\/categories?post=56263"},{"taxonomy":"post_tag","embeddable":true,"href":"https:\/\/defrentealaverdad.com\/index.php\/wp-json\/wp\/v2\/tags?post=56263"}],"curies":[{"name":"wp","href":"https:\/\/api.w.org\/{rel}","templated":true}]}}