{"id":56232,"date":"2026-03-07T09:01:06","date_gmt":"2026-03-07T09:01:06","guid":{"rendered":"https:\/\/defrentealaverdad.com\/?p=56232"},"modified":"2026-03-07T21:03:01","modified_gmt":"2026-03-07T21:03:01","slug":"cnss-conmemora-el-dia-internacional-de-la-mujer-reconociendo-el-compromiso-de-sus-colaboradoras","status":"publish","type":"post","link":"https:\/\/defrentealaverdad.com\/index.php\/2026\/03\/07\/cnss-conmemora-el-dia-internacional-de-la-mujer-reconociendo-el-compromiso-de-sus-colaboradoras\/","title":{"rendered":"CNSS conmemora el D\u00eda Internacional de la Mujer reconociendo el compromiso de sus colaboradoras.\u00a0"},"content":{"rendered":"<blockquote>\n<p style=\"text-align: center;\">La Gerencia General destac\u00f3 el rol fundamental de las servidoras p\u00fablicas en el fortalecimiento institucional y el desarrollo social.<\/p>\n<\/blockquote>\n<p style=\"text-align: justify;\"><strong>Santo Domingo.<\/strong> \u2013 La Gerente General del Consejo Nacional de Seguridad social (CNSS), Aura Celeste Fern\u00e1ndez Rodr\u00edguez, sostuvo un encuentro con las colaboradoras que laboran en la instituci\u00f3n para conmemorar el D\u00eda Internacional de la Mujer, en un acto dedicado a reconocer su compromiso, liderazgo y aportes al Sistema Dominicano de Seguridad Social.<\/p>\n<p style=\"text-align: justify;\">La actividad se realiz\u00f3 en el sal\u00f3n de reuniones del CNSS y reuni\u00f3 a colaboradoras de distintas \u00e1reas, quienes compartieron un espacio de integraci\u00f3n y reflexi\u00f3n sobre el papel que desempe\u00f1an las mujeres en la vida institucional y en la construcci\u00f3n de una sociedad m\u00e1s equitativa.<\/p>\n<p style=\"text-align: justify;\">La gerente general del CNSS destac\u00f3 que el D\u00eda Internacional de la Mujer representa una jornada que la humanidad ha reservado, con toda justicia, para mirar de frente la historia y reconocer todo lo que la mujer ha construido y sostenido a lo largo del tiempo.<\/p>\n<p style=\"text-align: justify;\">Se\u00f1al\u00f3 que durante muchos a\u00f1os las mujeres enfrentaron discriminaci\u00f3n, desigualdad salarial y la exclusi\u00f3n de espacios donde se toman decisiones que marcan el rumbo de la sociedad, realidades que hoy siguen motivando la lucha por la igualdad y el respeto.<\/p>\n<blockquote>\n<p style=\"text-align: center;\">\u201cPor eso, en este 8 de marzo, les digo con el coraz\u00f3n lleno: Gracias, gracias a cada una de ustedes por su entrega cotidiana, por su responsabilidad con la familia, con los hijos, con la comunidad, con esta labor grande y muchas veces invisible que sostiene el tejido de nuestra sociedad.\u00a0 Este d\u00eda queridas colaboradoras tambi\u00e9n nos invita a no olvidar, ni retroceder, sino a recordar a las mujeres que se levantaron antes que nosotras y abrieron caminos con valent\u00eda y determinaci\u00f3n. Gracias a ellas hoy podemos avanzar hacia sociedades m\u00e1s justas y participativas\u201d, expres\u00f3.<\/p>\n<\/blockquote>\n<p style=\"text-align: justify;\">La funcionaria agradeci\u00f3 adem\u00e1s la labor diaria de las colaboradoras del CNSS, resaltando que su compromiso profesional se suma al rol que muchas desempe\u00f1an, Asimismo, reiter\u00f3 la importancia de seguir promoviendo la equidad y el respeto dentro de las instituciones, para garantizar que ninguna mujer sea juzgada, limitada o discriminada por raz\u00f3n de su g\u00e9nero.<\/p>\n<p style=\"text-align: justify;\">La actividad concluy\u00f3 en un ambiente de confraternidad y reconocimiento, reafirmando el compromiso del CNSS de continuar impulsando acciones que valoren el aporte de las mujeres y fortalezcan una cultura institucional basada en la igualdad de oportunidades.<\/p>\n<p>Fuente: Prensa CNSS<\/p>\n","protected":false},"excerpt":{"rendered":"<p>La Gerencia General destac\u00f3 el rol fundamental de las servidoras p\u00fablicas en el fortalecimiento institucional<\/p>\n","protected":false},"author":1,"featured_media":56233,"comment_status":"open","ping_status":"open","sticky":false,"template":"","format":"standard","meta":{"footnotes":""},"categories":[221],"tags":[],"class_list":["post-56232","post","type-post","status-publish","format-standard","has-post-thumbnail","hentry","category-salud"],"_links":{"self":[{"href":"https:\/\/defrentealaverdad.com\/index.php\/wp-json\/wp\/v2\/posts\/56232","targetHints":{"allow":["GET"]}}],"collection":[{"href":"https:\/\/defrentealaverdad.com\/index.php\/wp-json\/wp\/v2\/posts"}],"about":[{"href":"https:\/\/defrentealaverdad.com\/index.php\/wp-json\/wp\/v2\/types\/post"}],"author":[{"embeddable":true,"href":"https:\/\/defrentealaverdad.com\/index.php\/wp-json\/wp\/v2\/users\/1"}],"replies":[{"embeddable":true,"href":"https:\/\/defrentealaverdad.com\/index.php\/wp-json\/wp\/v2\/comments?post=56232"}],"version-history":[{"count":1,"href":"https:\/\/defrentealaverdad.com\/index.php\/wp-json\/wp\/v2\/posts\/56232\/revisions"}],"predecessor-version":[{"id":56234,"href":"https:\/\/defrentealaverdad.com\/index.php\/wp-json\/wp\/v2\/posts\/56232\/revisions\/56234"}],"wp:featuredmedia":[{"embeddable":true,"href":"https:\/\/defrentealaverdad.com\/index.php\/wp-json\/wp\/v2\/media\/56233"}],"wp:attachment":[{"href":"https:\/\/defrentealaverdad.com\/index.php\/wp-json\/wp\/v2\/media?parent=56232"}],"wp:term":[{"taxonomy":"category","embeddable":true,"href":"https:\/\/defrentealaverdad.com\/index.php\/wp-json\/wp\/v2\/categories?post=56232"},{"taxonomy":"post_tag","embeddable":true,"href":"https:\/\/defrentealaverdad.com\/index.php\/wp-json\/wp\/v2\/tags?post=56232"}],"curies":[{"name":"wp","href":"https:\/\/api.w.org\/{rel}","templated":true}]}}