{"id":56226,"date":"2026-03-06T09:52:25","date_gmt":"2026-03-06T09:52:25","guid":{"rendered":"https:\/\/defrentealaverdad.com\/?p=56226"},"modified":"2026-03-07T20:55:24","modified_gmt":"2026-03-07T20:55:24","slug":"dra-tammy-toribio-participa-como-conferencista-internacional-en-el-congreso-semal-bogota-2026","status":"publish","type":"post","link":"https:\/\/defrentealaverdad.com\/index.php\/2026\/03\/06\/dra-tammy-toribio-participa-como-conferencista-internacional-en-el-congreso-semal-bogota-2026\/","title":{"rendered":"Dra. Tammy Toribio participa como conferencista internacional en el Congreso SEMAL Bogot\u00e1 2026"},"content":{"rendered":"<blockquote>\n<p style=\"text-align: center;\">La especialista dominicana present\u00f3 innovadoras ponencias sobre medicina est\u00e9tica metab\u00f3lica, salud mitocondrial y el impacto de los agonistas GLP-1 en la obesidad y la piel.<\/p>\n<\/blockquote>\n<p style=\"text-align: justify;\"><strong>Bogot\u00e1, Colombia.<\/strong> \u2014 La especialista dominicana Tammy Toribio Rivera particip\u00f3 como conferencista internacional en el Congreso SEMAL Bogot\u00e1 2026, donde present\u00f3 dos ponencias cient\u00edficas centradas en la integraci\u00f3n entre biolog\u00eda molecular, medicina metab\u00f3lica y pr\u00e1ctica cl\u00ednica est\u00e9tica.<\/p>\n<p style=\"text-align: justify;\">Durante el encuentro acad\u00e9mico, que reuni\u00f3 a especialistas de distintos pa\u00edses de Am\u00e9rica Latina y Europa, la doctora Toribio abord\u00f3 temas de alto impacto cient\u00edfico relacionados con el envejecimiento cut\u00e1neo, la salud mitocondrial y los efectos metab\u00f3licos y est\u00e9ticos de los tratamientos modernos contra la obesidad.<\/p>\n<p style=\"text-align: justify;\"><strong>Envejecimiento cut\u00e1neo y salud mitocondrial<\/strong><\/p>\n<p style=\"text-align: justify;\">En su primera conferencia titulada \u201cNAD\u207a y Salud Mitocondrial en el Envejecimiento Cut\u00e1neo: De la Biolog\u00eda Celular a la Pr\u00e1ctica Cl\u00ednica Est\u00e9tica\u201d, la especialista explic\u00f3 c\u00f3mo el envejecimiento de la piel debe entenderse no solo como un proceso estructural, sino tambi\u00e9n como un fen\u00f3meno bioenerg\u00e9tico.<\/p>\n<p style=\"text-align: justify;\">La ponencia destac\u00f3 el papel del NAD\u207a, una mol\u00e9cula esencial para la funci\u00f3n mitocondrial, la reparaci\u00f3n del ADN y la activaci\u00f3n de las sirtuinas, factores clave en los procesos de regeneraci\u00f3n celular.<\/p>\n<p style=\"text-align: justify;\">Entre los aspectos abordados se encuentran:<\/p>\n<p style=\"text-align: justify;\">\u00a0\u2022 La disminuci\u00f3n progresiva del NAD\u207a con la edad.<\/p>\n<p style=\"text-align: justify;\">\u00a0\u2022 El impacto de este descenso en la capacidad regenerativa de la dermis.<\/p>\n<p style=\"text-align: justify;\">\u00a0\u2022 La relaci\u00f3n entre la salud mitocondrial y la respuesta a bioestimuladores.<\/p>\n<p style=\"text-align: justify;\">\u00a0\u2022 La influencia en la recuperaci\u00f3n posterior a procedimientos con l\u00e1ser.<\/p>\n<p style=\"text-align: justify;\">\u00a0\u2022 La conexi\u00f3n entre inflamaci\u00f3n cr\u00f3nica de bajo grado y deterioro estructural de la piel.<\/p>\n<p style=\"text-align: justify;\">La doctora propuso un cambio de paradigma hacia una est\u00e9tica metab\u00f3lica preventiva, donde la optimizaci\u00f3n celular se convierte en parte fundamental de los tratamientos est\u00e9ticos modernos.<\/p>\n<blockquote>\n<p style=\"text-align: center;\">\u201cEl envejecimiento cut\u00e1neo no es \u00fanicamente estructural; es profundamente metab\u00f3lico\u201d, destac\u00f3 durante su intervenci\u00f3n.<\/p>\n<\/blockquote>\n<p style=\"text-align: justify;\"><strong>GLP-1, obesidad y consideraciones est\u00e9ticas<\/strong><\/p>\n<p style=\"text-align: justify;\">En su segunda conferencia, titulada \u201cImpacto de los Agonistas GLP-1 en Masa Muscular y Piel: Consideraciones Est\u00e9ticas y Metab\u00f3licas\u201d, la especialista abord\u00f3 uno de los temas m\u00e1s actuales en medicina: el uso de agonistas GLP-1 en el tratamiento de la obesidad.<\/p>\n<p style=\"text-align: justify;\">Durante su exposici\u00f3n analiz\u00f3 los efectos de estos f\u00e1rmacos m\u00e1s all\u00e1 de la p\u00e9rdida de peso, incluyendo cambios en la composici\u00f3n corporal, alteraciones en la calidad de la piel y variaciones en el volumen facial.<\/p>\n<p>Entre los puntos analizados se destacaron:<\/p>\n<p style=\"text-align: justify;\">\u00a0\u2022 Cambios en la relaci\u00f3n entre masa grasa y masa magra.<\/p>\n<p style=\"text-align: justify;\">\u00a0\u2022 Riesgo de sarcopenia asociado a la p\u00e9rdida acelerada de peso.<\/p>\n<p style=\"text-align: justify;\">\u00a0\u2022 Alteraciones en el volumen facial y calidad cut\u00e1nea.<\/p>\n<p style=\"text-align: justify;\">\u00a0\u2022 Implicaciones est\u00e9ticas del fen\u00f3meno conocido como \u201cGLP-1 face\u201d.<\/p>\n<p style=\"text-align: justify;\">\u00a0\u2022 Estrategias preventivas como soporte proteico, entrenamiento de fuerza y bioestimulaci\u00f3n d\u00e9rmica.<\/p>\n<p style=\"text-align: justify;\">La especialista enfatiz\u00f3 la importancia de un abordaje integral que combine medicina metab\u00f3lica y medicina est\u00e9tica, con el objetivo de preservar masa muscular, firmeza cut\u00e1nea y armon\u00eda facial durante los tratamientos para la obesidad.<\/p>\n<blockquote>\n<p style=\"text-align: center;\">\u201cNo se trata solo de bajar peso, sino de preservar estructura, funci\u00f3n y calidad tisular\u201d, subray\u00f3.<\/p>\n<\/blockquote>\n<p><strong>Proyecci\u00f3n acad\u00e9mica internacional<\/strong><\/p>\n<p style=\"text-align: justify;\">Con estas dos presentaciones cient\u00edficas, la doctora Toribio posicion\u00f3 un enfoque innovador que integra medicina metab\u00f3lica, longevidad cut\u00e1nea, terapias bioenerg\u00e9ticas y manejo est\u00e9tico del paciente en tratamiento para obesidad, consolidando su presencia como referente latinoamericana en la convergencia entre salud metab\u00f3lica y medicina est\u00e9tica avanzada.<\/p>\n<p style=\"text-align: justify;\">Su participaci\u00f3n en este congreso internacional reafirma el crecimiento de la investigaci\u00f3n y la pr\u00e1ctica m\u00e9dica dominicana en escenarios cient\u00edficos de alto nivel.<\/p>\n<p>Fuente: Equipo \u00abDra. Toribio\u00bb<\/p>\n","protected":false},"excerpt":{"rendered":"<p>La especialista dominicana present\u00f3 innovadoras ponencias sobre medicina est\u00e9tica metab\u00f3lica, salud mitocondrial y el impacto<\/p>\n","protected":false},"author":1,"featured_media":56227,"comment_status":"open","ping_status":"open","sticky":false,"template":"","format":"standard","meta":{"footnotes":""},"categories":[16],"tags":[],"class_list":["post-56226","post","type-post","status-publish","format-standard","has-post-thumbnail","hentry","category-internacionales"],"_links":{"self":[{"href":"https:\/\/defrentealaverdad.com\/index.php\/wp-json\/wp\/v2\/posts\/56226","targetHints":{"allow":["GET"]}}],"collection":[{"href":"https:\/\/defrentealaverdad.com\/index.php\/wp-json\/wp\/v2\/posts"}],"about":[{"href":"https:\/\/defrentealaverdad.com\/index.php\/wp-json\/wp\/v2\/types\/post"}],"author":[{"embeddable":true,"href":"https:\/\/defrentealaverdad.com\/index.php\/wp-json\/wp\/v2\/users\/1"}],"replies":[{"embeddable":true,"href":"https:\/\/defrentealaverdad.com\/index.php\/wp-json\/wp\/v2\/comments?post=56226"}],"version-history":[{"count":1,"href":"https:\/\/defrentealaverdad.com\/index.php\/wp-json\/wp\/v2\/posts\/56226\/revisions"}],"predecessor-version":[{"id":56228,"href":"https:\/\/defrentealaverdad.com\/index.php\/wp-json\/wp\/v2\/posts\/56226\/revisions\/56228"}],"wp:featuredmedia":[{"embeddable":true,"href":"https:\/\/defrentealaverdad.com\/index.php\/wp-json\/wp\/v2\/media\/56227"}],"wp:attachment":[{"href":"https:\/\/defrentealaverdad.com\/index.php\/wp-json\/wp\/v2\/media?parent=56226"}],"wp:term":[{"taxonomy":"category","embeddable":true,"href":"https:\/\/defrentealaverdad.com\/index.php\/wp-json\/wp\/v2\/categories?post=56226"},{"taxonomy":"post_tag","embeddable":true,"href":"https:\/\/defrentealaverdad.com\/index.php\/wp-json\/wp\/v2\/tags?post=56226"}],"curies":[{"name":"wp","href":"https:\/\/api.w.org\/{rel}","templated":true}]}}