{"id":5611,"date":"2023-06-26T18:44:34","date_gmt":"2023-06-26T18:44:34","guid":{"rendered":"https:\/\/defrentealaverdad.com\/?p=5611"},"modified":"2023-06-27T18:49:19","modified_gmt":"2023-06-27T18:49:19","slug":"centro-salesiano-oratorio-maria-auxiliadora-celebra-tarde-de-honores-para-estudiantes-sobresalientes","status":"publish","type":"post","link":"https:\/\/defrentealaverdad.com\/index.php\/2023\/06\/26\/centro-salesiano-oratorio-maria-auxiliadora-celebra-tarde-de-honores-para-estudiantes-sobresalientes\/","title":{"rendered":"Centro Salesiano Oratorio Mar\u00eda Auxiliadora celebra tarde de honores para estudiantes sobresalientes"},"content":{"rendered":"<p><img decoding=\"async\" class=\"size-medium wp-image-5612 alignleft lazyload\" data-src=\"https:\/\/defrentealaverdad.com\/wp-content\/uploads\/2023\/06\/WhatsApp-Image-2023-06-27-at-14.44.16-300x225.jpeg\" alt=\"\" width=\"300\" height=\"225\" data-srcset=\"https:\/\/defrentealaverdad.com\/wp-content\/uploads\/2023\/06\/WhatsApp-Image-2023-06-27-at-14.44.16-300x225.jpeg 300w, https:\/\/defrentealaverdad.com\/wp-content\/uploads\/2023\/06\/WhatsApp-Image-2023-06-27-at-14.44.16-1024x768.jpeg 1024w, https:\/\/defrentealaverdad.com\/wp-content\/uploads\/2023\/06\/WhatsApp-Image-2023-06-27-at-14.44.16-768x576.jpeg 768w, https:\/\/defrentealaverdad.com\/wp-content\/uploads\/2023\/06\/WhatsApp-Image-2023-06-27-at-14.44.16-1536x1152.jpeg 1536w, https:\/\/defrentealaverdad.com\/wp-content\/uploads\/2023\/06\/WhatsApp-Image-2023-06-27-at-14.44.16-720x540.jpeg 720w, https:\/\/defrentealaverdad.com\/wp-content\/uploads\/2023\/06\/WhatsApp-Image-2023-06-27-at-14.44.16.jpeg 1600w\" data-sizes=\"(max-width: 300px) 100vw, 300px\" src=\"data:image\/svg+xml;base64,PHN2ZyB3aWR0aD0iMSIgaGVpZ2h0PSIxIiB4bWxucz0iaHR0cDovL3d3dy53My5vcmcvMjAwMC9zdmciPjwvc3ZnPg==\" style=\"--smush-placeholder-width: 300px; --smush-placeholder-aspect-ratio: 300\/225;\" \/><\/p>\n<p style=\"text-align: justify;\">El Centro Salesiano Oratorio Mar\u00eda Auxiliadora, (Salesianos OMA) llev\u00f3 a cabo su tradicional tarde de honores en la que se galardon\u00f3 a los estudiantes destacados de cada grado. El evento cont\u00f3 con la presencia de maestros y familiares de los alumnos, quienes se reunieron para celebrar los logros alcanzados durante el a\u00f1o escolar 2022-2023.<\/p>\n<p style=\"text-align: justify;\">El regente de la instituci\u00f3n, el padre Ronny Stephan expres\u00f3 su gratitud por haber culminado exitosamente este a\u00f1o acad\u00e9mico y resalt\u00f3 la excelencia del centro educativo. Adem\u00e1s, la directora, Magister Rosa Guzm\u00e1n, hizo hincapi\u00e9 en la destacada actuaci\u00f3n de los estudiantes, los cuales de una matr\u00edcula de 539, 147 terminaron con promedio de 90 puntos o m\u00e1s. Solo cuatro estudiantes repiten el grado y de sexto grado del Nivel Secundario, de 81 estudiantes 77 fueron a primera convocatoria de Pruebas Nacionales, destacando que de una de las secciones fueron todos. (6to. C)<\/p>\n<p style=\"text-align: justify;\">Durante la ceremonia, se otorg\u00f3 el m\u00e1s alto reconocimiento a la excelencia a la estudiante Shantal Anelise Mart\u00ednez Pacheco quien recibi\u00f3 el mayor galard\u00f3n que otorga el centro acad\u00e9mico Premio Padre Jorge Mart\u00ed. Este reconocimiento destaca su dedicaci\u00f3n y desempe\u00f1o excepcional en sus estudios, as\u00ed como su gran carisma salesiano.<\/p>\n<p>&nbsp;<\/p>\n<p style=\"text-align: justify;\"><img decoding=\"async\" class=\"size-medium wp-image-5613 alignright lazyload\" data-src=\"https:\/\/defrentealaverdad.com\/wp-content\/uploads\/2023\/06\/WhatsApp-Image-2023-06-27-at-14.44.16-1-300x225.jpeg\" alt=\"\" width=\"300\" height=\"225\" data-srcset=\"https:\/\/defrentealaverdad.com\/wp-content\/uploads\/2023\/06\/WhatsApp-Image-2023-06-27-at-14.44.16-1-300x225.jpeg 300w, https:\/\/defrentealaverdad.com\/wp-content\/uploads\/2023\/06\/WhatsApp-Image-2023-06-27-at-14.44.16-1-1024x768.jpeg 1024w, https:\/\/defrentealaverdad.com\/wp-content\/uploads\/2023\/06\/WhatsApp-Image-2023-06-27-at-14.44.16-1-768x576.jpeg 768w, https:\/\/defrentealaverdad.com\/wp-content\/uploads\/2023\/06\/WhatsApp-Image-2023-06-27-at-14.44.16-1-1536x1152.jpeg 1536w, https:\/\/defrentealaverdad.com\/wp-content\/uploads\/2023\/06\/WhatsApp-Image-2023-06-27-at-14.44.16-1-720x540.jpeg 720w, https:\/\/defrentealaverdad.com\/wp-content\/uploads\/2023\/06\/WhatsApp-Image-2023-06-27-at-14.44.16-1.jpeg 1600w\" data-sizes=\"(max-width: 300px) 100vw, 300px\" src=\"data:image\/svg+xml;base64,PHN2ZyB3aWR0aD0iMSIgaGVpZ2h0PSIxIiB4bWxucz0iaHR0cDovL3d3dy53My5vcmcvMjAwMC9zdmciPjwvc3ZnPg==\" style=\"--smush-placeholder-width: 300px; --smush-placeholder-aspect-ratio: 300\/225;\" \/><\/p>\n<p style=\"text-align: justify;\"><img decoding=\"async\" class=\"wp-image-5614 alignleft lazyload\" data-src=\"https:\/\/defrentealaverdad.com\/wp-content\/uploads\/2023\/06\/WhatsApp-Image-2023-06-27-at-14.44.16-2-300x225.jpeg\" alt=\"\" width=\"305\" height=\"229\" data-srcset=\"https:\/\/defrentealaverdad.com\/wp-content\/uploads\/2023\/06\/WhatsApp-Image-2023-06-27-at-14.44.16-2-300x225.jpeg 300w, https:\/\/defrentealaverdad.com\/wp-content\/uploads\/2023\/06\/WhatsApp-Image-2023-06-27-at-14.44.16-2-1024x768.jpeg 1024w, https:\/\/defrentealaverdad.com\/wp-content\/uploads\/2023\/06\/WhatsApp-Image-2023-06-27-at-14.44.16-2-768x576.jpeg 768w, https:\/\/defrentealaverdad.com\/wp-content\/uploads\/2023\/06\/WhatsApp-Image-2023-06-27-at-14.44.16-2-1536x1152.jpeg 1536w, https:\/\/defrentealaverdad.com\/wp-content\/uploads\/2023\/06\/WhatsApp-Image-2023-06-27-at-14.44.16-2-720x540.jpeg 720w, https:\/\/defrentealaverdad.com\/wp-content\/uploads\/2023\/06\/WhatsApp-Image-2023-06-27-at-14.44.16-2.jpeg 1600w\" data-sizes=\"(max-width: 305px) 100vw, 305px\" src=\"data:image\/svg+xml;base64,PHN2ZyB3aWR0aD0iMSIgaGVpZ2h0PSIxIiB4bWxucz0iaHR0cDovL3d3dy53My5vcmcvMjAwMC9zdmciPjwvc3ZnPg==\" style=\"--smush-placeholder-width: 305px; --smush-placeholder-aspect-ratio: 305\/229;\" \/><\/p>\n<p>Adem\u00e1s de los estudiantes, tambi\u00e9n se reconocieron algunos padres y maestros por su labor y apoyo en la formaci\u00f3n educativa de los estudiantes. Una delegaci\u00f3n de la promoci\u00f3n Jenseit &#8217;98 quienes se graduaron hace 25 a\u00f1os, estuvo presente para compartir su experiencia y felicitar a los estudiantes destacados. El Centro Educativo Mar\u00eda Auxiliadora reafirm\u00f3 su compromiso con la excelencia acad\u00e9mica y la formaci\u00f3n integral de sus estudiantes. Estos reconocimientos son un testimonio del esfuerzo y dedicaci\u00f3n de toda la comunidad en la b\u00fasqueda constante de la calidad educativa.<\/p>\n<p style=\"text-align: justify;\">La tarde de honores celebrada por el Centro Salesiano Oratorio Mar\u00eda Auxiliadora deja un mensaje claro: el reconocimiento al talento y el trabajo arduo son pilares fundamentales para el \u00e9xito acad\u00e9mico.\u00a0 Felicitamos a todos los estudiantes galardonados y agradecemos a los maestros y padres por su invaluable contribuci\u00f3n al desarrollo de estos j\u00f3venes l\u00edderes.<\/p>\n<p>&nbsp;<\/p>\n<p style=\"text-align: justify;\">Fuente: Comunicaciones Salesianos OMA<\/p>\n","protected":false},"excerpt":{"rendered":"<p>El Centro Salesiano Oratorio Mar\u00eda Auxiliadora, (Salesianos OMA) llev\u00f3 a cabo su tradicional tarde de<\/p>\n","protected":false},"author":2,"featured_media":0,"comment_status":"open","ping_status":"open","sticky":false,"template":"","format":"standard","meta":{"footnotes":""},"categories":[7],"tags":[],"class_list":["post-5611","post","type-post","status-publish","format-standard","hentry","category-nacionales"],"_links":{"self":[{"href":"https:\/\/defrentealaverdad.com\/index.php\/wp-json\/wp\/v2\/posts\/5611","targetHints":{"allow":["GET"]}}],"collection":[{"href":"https:\/\/defrentealaverdad.com\/index.php\/wp-json\/wp\/v2\/posts"}],"about":[{"href":"https:\/\/defrentealaverdad.com\/index.php\/wp-json\/wp\/v2\/types\/post"}],"author":[{"embeddable":true,"href":"https:\/\/defrentealaverdad.com\/index.php\/wp-json\/wp\/v2\/users\/2"}],"replies":[{"embeddable":true,"href":"https:\/\/defrentealaverdad.com\/index.php\/wp-json\/wp\/v2\/comments?post=5611"}],"version-history":[{"count":4,"href":"https:\/\/defrentealaverdad.com\/index.php\/wp-json\/wp\/v2\/posts\/5611\/revisions"}],"predecessor-version":[{"id":5618,"href":"https:\/\/defrentealaverdad.com\/index.php\/wp-json\/wp\/v2\/posts\/5611\/revisions\/5618"}],"wp:attachment":[{"href":"https:\/\/defrentealaverdad.com\/index.php\/wp-json\/wp\/v2\/media?parent=5611"}],"wp:term":[{"taxonomy":"category","embeddable":true,"href":"https:\/\/defrentealaverdad.com\/index.php\/wp-json\/wp\/v2\/categories?post=5611"},{"taxonomy":"post_tag","embeddable":true,"href":"https:\/\/defrentealaverdad.com\/index.php\/wp-json\/wp\/v2\/tags?post=5611"}],"curies":[{"name":"wp","href":"https:\/\/api.w.org\/{rel}","templated":true}]}}