{"id":56093,"date":"2026-03-04T16:08:33","date_gmt":"2026-03-04T16:08:33","guid":{"rendered":"https:\/\/defrentealaverdad.com\/?p=56093"},"modified":"2026-03-04T20:17:39","modified_gmt":"2026-03-04T20:17:39","slug":"obesidad-en-republica-dominicana-no-es-falta-de-voluntad-es-una-enfermedad-metabolica-ignorada","status":"publish","type":"post","link":"https:\/\/defrentealaverdad.com\/index.php\/2026\/03\/04\/obesidad-en-republica-dominicana-no-es-falta-de-voluntad-es-una-enfermedad-metabolica-ignorada\/","title":{"rendered":"Obesidad en Rep\u00fablica Dominicana: no es falta de voluntad, es una enfermedad metab\u00f3lica ignorada"},"content":{"rendered":"<blockquote>\n<p style=\"text-align: center;\">La Dra. Tammy Toribio Rivera quien es M\u00e9dico Obes\u00f3loga, Dietista, Nutri\u00f3loga Cl\u00ednica y especialista en Medicina Est\u00e9tica nos recuerda que conmemorar esta fecha es m\u00e1s que el calendario<\/p>\n<\/blockquote>\n<p style=\"text-align: justify;\">Santo Domingo. Cada 4 de marzo se conmemora el D\u00eda Mundial de la Obesidad. Pero m\u00e1s que una fecha simb\u00f3lica, deber\u00eda representar una alerta nacional.<\/p>\n<p style=\"text-align: justify;\">En Rep\u00fablica Dominicana estamos normalizando una enfermedad que est\u00e1 acortando vidas.Y lo m\u00e1s preocupante: a\u00fan la tratamos como si fuera un problema de disciplina personal.<\/p>\n<p style=\"text-align: justify;\"><strong>La verdadera dimensi\u00f3n del problema<\/strong><\/p>\n<p style=\"text-align: justify;\">Seg\u00fan la Organizaci\u00f3n Mundial de la Salud (OMS), en 2022:<\/p>\n<ul>\n<li>El 63.3 % de los adultos dominicanos presentaban sobrepeso.<\/li>\n<\/ul>\n<ul>\n<li style=\"text-align: justify;\">El 29.3 % viv\u00edan con obesidad.<\/li>\n<\/ul>\n<ul>\n<li style=\"text-align: justify;\">La World Obesity Federation estima que el 68 % de nuestra poblaci\u00f3n tiene un \u00edndice de masa corporal elevado y que, para el a\u00f1o 2030, m\u00e1s de 5.7 millones de dominicanos vivir\u00e1n con sobrepeso u obesidad.<\/li>\n<\/ul>\n<p style=\"text-align: justify;\">Esto significa que la mayor\u00eda de nuestra poblaci\u00f3n adulta presenta exceso de adiposidad. No estamos hablando de est\u00e9tica, estamos hablando de inflamaci\u00f3n cr\u00f3nica, resistencia a la insulina y deterioro metab\u00f3lico progresivo.<\/p>\n<blockquote>\n<p style=\"text-align: center;\">La obesidad no es \u201cgordura\u201d: es disfunci\u00f3n metab\u00f3lica<\/p>\n<\/blockquote>\n<p style=\"text-align: justify;\">Durante d\u00e9cadas se simplific\u00f3 la obesidad a una ecuaci\u00f3n reduccionista:<\/p>\n<blockquote>\n<p style=\"text-align: center;\">\u201cComa menos y mu\u00e9vase m\u00e1s\u201d.<\/p>\n<\/blockquote>\n<p style=\"text-align: justify;\">Hoy sabemos que esa visi\u00f3n es cient\u00edficamente incompleta. La obesidad es una enfermedad cr\u00f3nica, multifactorial y neuroendocrina caracterizada por:<\/p>\n<p style=\"text-align: justify;\"><strong>Disregulaci\u00f3n hormonal (leptina, insulina, grelina).<\/strong><\/p>\n<ul>\n<li>Inflamaci\u00f3n sist\u00e9mica de bajo grado.<\/li>\n<\/ul>\n<ul>\n<li>Alteraci\u00f3n mitocondrial.<\/li>\n<\/ul>\n<ul>\n<li>Cambios en la se\u00f1alizaci\u00f3n cerebral del apetito.<\/li>\n<\/ul>\n<ul>\n<li>Predisposici\u00f3n gen\u00e9tica y epigen\u00e9tica.<\/li>\n<\/ul>\n<blockquote>\n<p style=\"text-align: center;\">No es una falla moral.Es una condici\u00f3n biol\u00f3gica compleja.<\/p>\n<\/blockquote>\n<p style=\"text-align: justify;\">Cuando se aborda \u00fanicamente con dietas restrictivas, sin evaluaci\u00f3n m\u00e9dica integral, se expone al paciente al ciclo de p\u00e9rdida y recuperaci\u00f3n de peso, conocido como \u201cefecto rebote\u201d, que agrava la disfunci\u00f3n metab\u00f3lica.<\/p>\n<p><strong>La bomba de tiempo infantil<\/strong><\/p>\n<p style=\"text-align: justify;\">Las cifras pedi\u00e1tricas deber\u00edan estremecernos.<\/p>\n<p style=\"text-align: justify;\">La\u00a0 UNICEF indican que aproximadamente el 8 % de los ni\u00f1os menores de cinco a\u00f1os en el pa\u00eds presentan sobrepeso u obesidad. En adolescentes, las cifras pueden superar el 30 %.<\/p>\n<p>Hoy estamos viendo:<\/p>\n<ul>\n<li>H\u00edgado graso en ni\u00f1os.<\/li>\n<\/ul>\n<ul>\n<li style=\"text-align: justify;\">Resistencia a la insulina en adolescentes.<\/li>\n<\/ul>\n<ul>\n<li style=\"text-align: justify;\">S\u00edndrome metab\u00f3lico antes de los 20 a\u00f1os.<\/li>\n<\/ul>\n<blockquote>\n<p style=\"text-align: center;\">No se trata de una tendencia pasajera.Estamos formando una generaci\u00f3n metab\u00f3licamente vulnerable.<\/p>\n<\/blockquote>\n<p style=\"text-align: justify;\"><strong>Una epidemia silenciosa que presiona el sistema de salud<\/strong><\/p>\n<p>La obesidad es el principal factor de riesgo para:<\/p>\n<ul>\n<li>Diabetes tipo 2<\/li>\n<\/ul>\n<ul>\n<li>Hipertensi\u00f3n arterial<\/li>\n<\/ul>\n<ul>\n<li>Enfermedad cardiovascular<\/li>\n<\/ul>\n<ul>\n<li>Apnea del sue\u00f1o<\/li>\n<\/ul>\n<ul>\n<li>Algunos tipos de c\u00e1ncer<\/li>\n<\/ul>\n<ul>\n<li>Osteoartritis<\/li>\n<\/ul>\n<ul>\n<li>Infertilidad<\/li>\n<\/ul>\n<p style=\"text-align: justify;\">Adem\u00e1s, representa una carga econ\u00f3mica creciente para el sistema sanitario dominicano: hospitalizaciones, tratamientos cr\u00f3nicos, intervenciones quir\u00fargicas y discapacidad laboral.<\/p>\n<p><strong>La obesidad no solo enferma personas.<\/strong><\/p>\n<ul>\n<li style=\"text-align: justify;\">Impacta familias, productividad y sostenibilidad del sistema de salud.<\/li>\n<\/ul>\n<ul>\n<li>El gran error: culpabilizar al paciente<\/li>\n<\/ul>\n<p>En consulta, es com\u00fan encontrando pacientes que han realizado<\/p>\n<ul>\n<li>10, 15 o hasta 20 dietas.<\/li>\n<\/ul>\n<ul>\n<li>Ayunos extremos.<\/li>\n<\/ul>\n<ul>\n<li>Uso de productos \u201cmilagro\u201d<\/li>\n<\/ul>\n<ul>\n<li>Medicaci\u00f3n sin supervisi\u00f3n.<\/li>\n<\/ul>\n<ul>\n<li>Rutinas f\u00edsicas extenuantes.<\/li>\n<li style=\"text-align: justify;\">Porque la obesidad no se resuelve exclusivamente con fuerza de voluntad.<\/li>\n<\/ul>\n<p style=\"text-align: justify;\">Se aborda con diagn\u00f3stico adecuado, estrategia terap\u00e9utica y medicina basada en evidencia. Actualmente contamos con:<\/p>\n<ul>\n<li>Terapias farmacol\u00f3gicas modernas (agonistas GLP-1 y GIP).<\/li>\n<\/ul>\n<ul>\n<li>Manejo nutricional estructurado y sostenible.<\/li>\n<\/ul>\n<ul>\n<li>Abordaje conductual.<\/li>\n<\/ul>\n<p><strong>Evaluaci\u00f3n de composici\u00f3n corporal.<\/strong><\/p>\n<ul>\n<li style=\"text-align: justify;\">Medicina personalizada.<\/li>\n<\/ul>\n<ul>\n<li style=\"text-align: justify;\">Negar estas herramientas por prejuicio o desconocimiento constituye una omisi\u00f3n grave en la atenci\u00f3n m\u00e9dica.<\/li>\n<\/ul>\n<p>\u00bf<strong>Qu\u00e9 necesita Rep\u00fablica Dominicana?<\/strong><\/p>\n<ul>\n<li style=\"text-align: justify;\">Reconocer formalmente la obesidad como enfermedad cr\u00f3nica<\/li>\n<\/ul>\n<ul>\n<li style=\"text-align: justify;\">Implementar pol\u00edticas p\u00fablicas que regulen el entorno alimentario.<\/li>\n<\/ul>\n<ul>\n<li>Fortalecer la educaci\u00f3n nutricional desde la infancia.<\/li>\n<\/ul>\n<ul>\n<li>Garantizar acceso equitativo a tratamiento especializado.<\/li>\n<\/ul>\n<ul>\n<li>Promover formaci\u00f3n m\u00e9dica continua en obesidad cl\u00ednica.<\/li>\n<\/ul>\n<p><strong>La prevenci\u00f3n es esencial.<\/strong><\/p>\n<p style=\"text-align: justify;\">Pero tambi\u00e9n lo es tratar con dignidad, ciencia y responsabilidad a quienes ya viven con esta enfer<\/p>\n<p>Fuente: Regionarios News<\/p>\n","protected":false},"excerpt":{"rendered":"<p>La Dra. Tammy Toribio Rivera quien es M\u00e9dico Obes\u00f3loga, Dietista, Nutri\u00f3loga Cl\u00ednica y especialista en<\/p>\n","protected":false},"author":1,"featured_media":56094,"comment_status":"open","ping_status":"open","sticky":false,"template":"","format":"standard","meta":{"footnotes":""},"categories":[221],"tags":[],"class_list":["post-56093","post","type-post","status-publish","format-standard","has-post-thumbnail","hentry","category-salud"],"_links":{"self":[{"href":"https:\/\/defrentealaverdad.com\/index.php\/wp-json\/wp\/v2\/posts\/56093","targetHints":{"allow":["GET"]}}],"collection":[{"href":"https:\/\/defrentealaverdad.com\/index.php\/wp-json\/wp\/v2\/posts"}],"about":[{"href":"https:\/\/defrentealaverdad.com\/index.php\/wp-json\/wp\/v2\/types\/post"}],"author":[{"embeddable":true,"href":"https:\/\/defrentealaverdad.com\/index.php\/wp-json\/wp\/v2\/users\/1"}],"replies":[{"embeddable":true,"href":"https:\/\/defrentealaverdad.com\/index.php\/wp-json\/wp\/v2\/comments?post=56093"}],"version-history":[{"count":1,"href":"https:\/\/defrentealaverdad.com\/index.php\/wp-json\/wp\/v2\/posts\/56093\/revisions"}],"predecessor-version":[{"id":56095,"href":"https:\/\/defrentealaverdad.com\/index.php\/wp-json\/wp\/v2\/posts\/56093\/revisions\/56095"}],"wp:featuredmedia":[{"embeddable":true,"href":"https:\/\/defrentealaverdad.com\/index.php\/wp-json\/wp\/v2\/media\/56094"}],"wp:attachment":[{"href":"https:\/\/defrentealaverdad.com\/index.php\/wp-json\/wp\/v2\/media?parent=56093"}],"wp:term":[{"taxonomy":"category","embeddable":true,"href":"https:\/\/defrentealaverdad.com\/index.php\/wp-json\/wp\/v2\/categories?post=56093"},{"taxonomy":"post_tag","embeddable":true,"href":"https:\/\/defrentealaverdad.com\/index.php\/wp-json\/wp\/v2\/tags?post=56093"}],"curies":[{"name":"wp","href":"https:\/\/api.w.org\/{rel}","templated":true}]}}