{"id":56090,"date":"2026-03-04T15:44:29","date_gmt":"2026-03-04T15:44:29","guid":{"rendered":"https:\/\/defrentealaverdad.com\/?p=56090"},"modified":"2026-03-04T20:05:56","modified_gmt":"2026-03-04T20:05:56","slug":"feda-ejecutara-106-jornadas-comunitarias-en-santo-domingo-este","status":"publish","type":"post","link":"https:\/\/defrentealaverdad.com\/index.php\/2026\/03\/04\/feda-ejecutara-106-jornadas-comunitarias-en-santo-domingo-este\/","title":{"rendered":"FEDA ejecutar\u00e1 106 jornadas comunitarias en Santo Domingo Este"},"content":{"rendered":"<p style=\"text-align: justify;\"><strong>Santo Domingo Este<\/strong>. \u2013 El Fondo Especial para el Desarrollo Agropecuario (FEDA) desarrollar\u00e1 106 jornadas del programa \u201cFEDA en tu Comunidad\u201d en Santo Domingo Este durante el a\u00f1o 2026, como parte de una iniciativa orientada a acercar servicios sociales, capacitaci\u00f3n y apoyo productivo a los distintos sectores del municipio.<\/p>\n<p style=\"text-align: justify;\">El programa fue anunciado previamente a nivel nacional por el director general del FEDA, Hecmilio Galv\u00e1n, con el objetivo de fortalecer la econom\u00eda rural, acercar servicios del Estado a las comunidades y promover iniciativas de apoyo a las familias.<\/p>\n<p style=\"text-align: justify;\">El director provincial del FEDA en Santo Domingo Este, Jos\u00e9 de Le\u00f3n, explic\u00f3 que estas jornadas permitir\u00e1n llevar servicios y orientaci\u00f3n directamente a los barrios del municipio, facilitando que m\u00e1s familias tengan acceso a iniciativas de apoyo social, capacitaci\u00f3n y oportunidades de desarrollo.<\/p>\n<p style=\"text-align: justify;\">Las jornadas incluir\u00e1n operativos m\u00e9dicos, afiliaci\u00f3n al programa Sup\u00e9rate y entrega de carn\u00e9s del Seguro Nacional de Salud (SENASA), as\u00ed como capacitaciones en prevenci\u00f3n de la violencia intrafamiliar en coordinaci\u00f3n con el Ministerio de la Mujer.<\/p>\n<p style=\"text-align: justify;\">Tambi\u00e9n se desarrollar\u00e1n talleres dirigidos a j\u00f3venes sobre emprendimiento, huertos familiares y formaci\u00f3n comunitaria, adem\u00e1s de concursos infantiles y entrega de herramientas agr\u00edcolas y pollitas ponedoras para incentivar la producci\u00f3n y fortalecer la econom\u00eda familiar.<\/p>\n<p style=\"text-align: justify;\">Durante las jornadas participar\u00e1n instituciones como los Comedores Econ\u00f3micos del Estado, INFOTEP, PROMIPYME y CONAPE, que ofrecer\u00e1n orientaci\u00f3n, capacitaci\u00f3n y diversos servicios a los residentes de las comunidades.<\/p>\n<p style=\"text-align: justify;\">El cronograma preliminar contempla intervenciones en Villa Faro, El Tamarindo, San Jos\u00e9 de Mendoza, Cancino Adentro, Invivienda, Los Mina, Villa Duarte, Los Tres Brazos, Ensanche Ozama, Alma Rosa, Los Frailes, El Almirante, La Isabelita, Los Mameyes y San Souc\u00ed, entre otros sectores del municipio.<\/p>\n<p style=\"text-align: justify;\">De acuerdo con el director provincial, estas acciones permitir\u00e1n impactar a miles de familias de Santo Domingo Este, fortaleciendo la presencia institucional en los barrios y promoviendo iniciativas que contribuyan al desarrollo social y comunitario.<\/p>\n<p>Fuente: Prensa FEDA<\/p>\n","protected":false},"excerpt":{"rendered":"<p>Santo Domingo Este. \u2013 El Fondo Especial para el Desarrollo Agropecuario (FEDA) desarrollar\u00e1 106 jornadas<\/p>\n","protected":false},"author":1,"featured_media":56091,"comment_status":"open","ping_status":"open","sticky":false,"template":"","format":"standard","meta":{"footnotes":""},"categories":[7],"tags":[],"class_list":["post-56090","post","type-post","status-publish","format-standard","has-post-thumbnail","hentry","category-nacionales"],"_links":{"self":[{"href":"https:\/\/defrentealaverdad.com\/index.php\/wp-json\/wp\/v2\/posts\/56090","targetHints":{"allow":["GET"]}}],"collection":[{"href":"https:\/\/defrentealaverdad.com\/index.php\/wp-json\/wp\/v2\/posts"}],"about":[{"href":"https:\/\/defrentealaverdad.com\/index.php\/wp-json\/wp\/v2\/types\/post"}],"author":[{"embeddable":true,"href":"https:\/\/defrentealaverdad.com\/index.php\/wp-json\/wp\/v2\/users\/1"}],"replies":[{"embeddable":true,"href":"https:\/\/defrentealaverdad.com\/index.php\/wp-json\/wp\/v2\/comments?post=56090"}],"version-history":[{"count":1,"href":"https:\/\/defrentealaverdad.com\/index.php\/wp-json\/wp\/v2\/posts\/56090\/revisions"}],"predecessor-version":[{"id":56092,"href":"https:\/\/defrentealaverdad.com\/index.php\/wp-json\/wp\/v2\/posts\/56090\/revisions\/56092"}],"wp:featuredmedia":[{"embeddable":true,"href":"https:\/\/defrentealaverdad.com\/index.php\/wp-json\/wp\/v2\/media\/56091"}],"wp:attachment":[{"href":"https:\/\/defrentealaverdad.com\/index.php\/wp-json\/wp\/v2\/media?parent=56090"}],"wp:term":[{"taxonomy":"category","embeddable":true,"href":"https:\/\/defrentealaverdad.com\/index.php\/wp-json\/wp\/v2\/categories?post=56090"},{"taxonomy":"post_tag","embeddable":true,"href":"https:\/\/defrentealaverdad.com\/index.php\/wp-json\/wp\/v2\/tags?post=56090"}],"curies":[{"name":"wp","href":"https:\/\/api.w.org\/{rel}","templated":true}]}}