{"id":56071,"date":"2026-03-04T11:15:18","date_gmt":"2026-03-04T11:15:18","guid":{"rendered":"https:\/\/defrentealaverdad.com\/?p=56071"},"modified":"2026-03-04T17:37:03","modified_gmt":"2026-03-04T17:37:03","slug":"grupo-barak-actuara-en-emotivo-segmento-musical-en-premios-soberano","status":"publish","type":"post","link":"https:\/\/defrentealaverdad.com\/index.php\/2026\/03\/04\/grupo-barak-actuara-en-emotivo-segmento-musical-en-premios-soberano\/","title":{"rendered":"Grupo Barak actuar\u00e1 en emotivo segmento musical en Premios Soberano"},"content":{"rendered":"<blockquote>\n<p style=\"text-align: center;\">Por primera vez en su carrera, el carism\u00e1tico tr\u00edo levantar\u00e1 la voz de la esperanza y la fe en los galardones<\/p>\n<\/blockquote>\n<p style=\"text-align: justify;\"><strong>Santo Domingo, R.D.<\/strong>\u2013 El grupo Barak, reconocido por su carisma y poderosa propuesta musical, ser\u00e1 uno de los grandes protagonistas de la edici\u00f3n 2026 de Premios Soberano, con un emocionante segmento que promete cautivar al p\u00fablico. La banda, conocida por su estilo \u00fanico que fusiona el pop y la m\u00fasica cristiana, llevar\u00e1 su energ\u00eda caracter\u00edstica a la gala m\u00e1s importante del arte y la cultura, que se celebrar\u00e1 el mi\u00e9rcoles 18 de marzo en el Teatro Nacional Eduardo Brito.<\/p>\n<p style=\"text-align: justify;\">Sobre su participaci\u00f3n, el l\u00edder de Barak, Robert Green, comparti\u00f3 su entusiasmo:<\/p>\n<blockquote>\n<p style=\"text-align: center;\">\u00abEs un honor para nosotros formar parte de la edici\u00f3n 2026 de los Premios Soberano. Este segmento ser\u00e1 una celebraci\u00f3n de la m\u00fasica, la fe y la vida, que son los pilares de Barak. Estamos muy emocionados de compartir nuestro mensaje con el p\u00fablico dominicano y con toda la comunidad que sigue nuestra m\u00fasica\u00bb.<\/p>\n<\/blockquote>\n<p style=\"text-align: justify;\">Barak se unir\u00e1 a otros artistas de renombre que tambi\u00e9n tienen confirmados sus segmentos musicales, como Milly Quezada, To\u00f1o Rosario y Pavel N\u00fa\u00f1ez, quienes aportar\u00e1n su talento en la esperada gala. Adem\u00e1s, un n\u00famero urbano reunir\u00e1 a Crazy Design, Dalvin La Melod\u00eda, Donat y Jeezy, ofreciendo un espect\u00e1culo de gran impacto para los fan\u00e1ticos de este g\u00e9nero.<\/p>\n<p style=\"text-align: justify;\">La ceremonia de los Premios Soberano, que por tercer a\u00f1o consecutivo contar\u00e1 con la producci\u00f3n general de C\u00e9sar Su\u00e1rez Jr., ser\u00e1 transmitida en vivo por Color Visi\u00f3n para todo el pa\u00eds, mientras que en Estados Unidos podr\u00e1 ser vista a trav\u00e9s de Univisi\u00f3n y la plataforma de streaming ViX.<\/p>\n<p style=\"text-align: justify;\">Irving Alberti y Georgina Duluc ser\u00e1n los encargados de la conducci\u00f3n de la gala, mientras que la alfombra roja, que dar\u00e1 inicio a las 7:00 p.m., ser\u00e1 presentada por Karen Yaport, Amara La Negra, Josell Hern\u00e1ndez y Soph\u00eda Sanabria.<\/p>\n<p style=\"text-align: justify;\">Premios Soberano, que celebra este a\u00f1o su edici\u00f3n n\u00famero 41, sigue consolid\u00e1ndose como la principal plataforma de reconocimiento al talento art\u00edstico nacional. La noche ser\u00e1 patrocinada por Cervecer\u00eda Nacional Dominicana y BanReservas, quienes apoyan la realizaci\u00f3n de este gran evento.<\/p>\n<p style=\"text-align: justify;\">La 41\u00aa edici\u00f3n de los premios confirm\u00f3 a la legendaria actriz Carlota Carretero para recibir el Premio Soberano a las Artes Esc\u00e9nicas, galard\u00f3n instituido en el 2018 para honrar el legado de las figuras con trayectorias s\u00f3lidas en este campo. La alfombra roja iniciar\u00e1 a las 7:00 p.m., con la conducci\u00f3n de Karen Yaport, Amara La Negra, Josell Hern\u00e1ndez y Soph\u00eda Sanabria.<\/p>\n<p style=\"text-align: justify;\">Los premios cuentan con el copatrocinio de Cervecer\u00eda Nacional Dominicana y BanReservas, reafirmando su compromiso con la cultura y el arte de la Rep\u00fablica Dominicana.<\/p>\n<p>&nbsp;<\/p>\n<p>Fuente: Acroarte |Premio Soberano<\/p>\n<p>&nbsp;<\/p>\n","protected":false},"excerpt":{"rendered":"<p>Por primera vez en su carrera, el carism\u00e1tico tr\u00edo levantar\u00e1 la voz de la esperanza<\/p>\n","protected":false},"author":4,"featured_media":56072,"comment_status":"open","ping_status":"open","sticky":false,"template":"","format":"standard","meta":{"footnotes":""},"categories":[6],"tags":[],"class_list":["post-56071","post","type-post","status-publish","format-standard","has-post-thumbnail","hentry","category-espectaculos"],"_links":{"self":[{"href":"https:\/\/defrentealaverdad.com\/index.php\/wp-json\/wp\/v2\/posts\/56071","targetHints":{"allow":["GET"]}}],"collection":[{"href":"https:\/\/defrentealaverdad.com\/index.php\/wp-json\/wp\/v2\/posts"}],"about":[{"href":"https:\/\/defrentealaverdad.com\/index.php\/wp-json\/wp\/v2\/types\/post"}],"author":[{"embeddable":true,"href":"https:\/\/defrentealaverdad.com\/index.php\/wp-json\/wp\/v2\/users\/4"}],"replies":[{"embeddable":true,"href":"https:\/\/defrentealaverdad.com\/index.php\/wp-json\/wp\/v2\/comments?post=56071"}],"version-history":[{"count":1,"href":"https:\/\/defrentealaverdad.com\/index.php\/wp-json\/wp\/v2\/posts\/56071\/revisions"}],"predecessor-version":[{"id":56073,"href":"https:\/\/defrentealaverdad.com\/index.php\/wp-json\/wp\/v2\/posts\/56071\/revisions\/56073"}],"wp:featuredmedia":[{"embeddable":true,"href":"https:\/\/defrentealaverdad.com\/index.php\/wp-json\/wp\/v2\/media\/56072"}],"wp:attachment":[{"href":"https:\/\/defrentealaverdad.com\/index.php\/wp-json\/wp\/v2\/media?parent=56071"}],"wp:term":[{"taxonomy":"category","embeddable":true,"href":"https:\/\/defrentealaverdad.com\/index.php\/wp-json\/wp\/v2\/categories?post=56071"},{"taxonomy":"post_tag","embeddable":true,"href":"https:\/\/defrentealaverdad.com\/index.php\/wp-json\/wp\/v2\/tags?post=56071"}],"curies":[{"name":"wp","href":"https:\/\/api.w.org\/{rel}","templated":true}]}}