{"id":56062,"date":"2026-03-04T14:02:35","date_gmt":"2026-03-04T14:02:35","guid":{"rendered":"https:\/\/defrentealaverdad.com\/?p=56062"},"modified":"2026-03-04T17:29:29","modified_gmt":"2026-03-04T17:29:29","slug":"academia-de-ciencias-reitera-apoyo-a-la-fundacion-propagas-para-la-recuperacion-de-la-cuenca-del-rio-ozama","status":"publish","type":"post","link":"https:\/\/defrentealaverdad.com\/index.php\/2026\/03\/04\/academia-de-ciencias-reitera-apoyo-a-la-fundacion-propagas-para-la-recuperacion-de-la-cuenca-del-rio-ozama\/","title":{"rendered":"Academia de Ciencias reitera apoyo a la Fundaci\u00f3n Propagas para la recuperaci\u00f3n de la cuenca del r\u00edo Ozama"},"content":{"rendered":"<p style=\"text-align: justify;\">SANTO DOMINGO.\u2013 La Academia de Ciencias de la Rep\u00fablica Dominicana, a trav\u00e9s de su Comisi\u00f3n de Medio Ambiente y Recursos Naturales, reiter\u00f3 su respaldo a la Fundaci\u00f3n Propagas y a las instituciones involucradas, con el objetivo de trabajar de manera conjunta en la recuperaci\u00f3n de las cuencas del r\u00edo Ozama.<\/p>\n<p style=\"text-align: justify;\">El presidente de la Academia de Ciencias, Manuel Herrera Carbuccia, reafirm\u00f3 el compromiso de la instituci\u00f3n con esta causa y subray\u00f3 que la defensa del medio ambiente forma parte esencial de su misi\u00f3n.<\/p>\n<blockquote>\n<p style=\"text-align: center;\">\u201cNos sentimos honrados y orgullosos de trabajar unidos por el rescate de la cuenca del r\u00edo Ozama, no solo de este afluente, sino de todos los que componen el sistema ambiental de la naci\u00f3n\u201d, expres\u00f3 Herrera Carbuccia.<\/p>\n<\/blockquote>\n<p style=\"text-align: justify;\">Indic\u00f3 adem\u00e1s que desde la Comisi\u00f3n de Medio Ambiente y Recursos Naturales respaldar\u00e0 de manera decidida la recuperaci\u00f3n de esta importante cuenca hidrogr\u00e1fica.<\/p>\n<blockquote>\n<p style=\"text-align: center;\">\u201cCuenten con nuestro respaldo mientras estemos al frente de esta instituci\u00f3n. Tener al frente de esta iniciativa a la doctora Rosa Margarita Bonetti de Santana es m\u00e1s que un privilegio\u201d, agreg\u00f3.<\/p>\n<\/blockquote>\n<p style=\"text-align: justify;\">De su lado, el coordinador de la Comisi\u00f3n de Medio Ambiente, Milc\u00edades Mej\u00eda, expres\u00f3 su regocijo por la iniciativa y destac\u00f3 que la Academia ha mantenido hist\u00f3ricamente una posici\u00f3n firme en defensa del sistema ambiental de la Rep\u00fablica Dominicana.<\/p>\n<p style=\"text-align: justify;\">Mej\u00eda se\u00f1al\u00f3 la necesidad de que el Parque Nacional Siete Picos, declarado como \u00e1rea protegida por el presidente Luis Abinader, donde se localizan los nacimientos de los r\u00edos Isabela y Ozama, reciba una vigilancia y protecci\u00f3n preventiva efectivas, a fin de evitar las talas y desmontes detectados en el informe presentado por la Fundaci\u00f3n Propagas.<\/p>\n<p style=\"text-align: justify;\">La recuperaci\u00f3n de la cuenca del r\u00edo Ozama constituye una prioridad estrat\u00e9gica estas instituciones, debido a su impacto en la salud ambiental y clim\u00e1tica de Santo Domingo y del Gran Santo Domingo.<\/p>\n<p style=\"text-align: justify;\">Durante la actividad, el periodista ambiental Marvin del Cid present\u00f3 un levantamiento fotogr\u00e1fico que documenta los principales desaf\u00edos que enfrentan los r\u00edos Ozama, Isabela e Hig\u00fcero, evidenciando las presiones ambientales que afectan este sistema fluvial desde sus nacimientos hasta su paso por el Gran Santo Domingo.<\/p>\n<p style=\"text-align: justify;\">En el encuentro estuvieron presentes la alcaldesa del Distrito Nacional, Carolina Mej\u00eda, representantes del sector empresarial, miembros de la Comisi\u00f3n de Medio Ambiente de la Academia de Ciencias, acad\u00e9micos y ambientalistas, quienes reafirmaron su compromiso de impulsar acciones concretas en favor de la sostenibilidad ambiental del pa\u00eds<\/p>\n<p>&nbsp;<\/p>\n<p>Fuente: Prensa Academia de Ciencias RD<\/p>\n","protected":false},"excerpt":{"rendered":"<p>SANTO DOMINGO.\u2013 La Academia de Ciencias de la Rep\u00fablica Dominicana, a trav\u00e9s de su Comisi\u00f3n<\/p>\n","protected":false},"author":1,"featured_media":56063,"comment_status":"open","ping_status":"open","sticky":false,"template":"","format":"standard","meta":{"footnotes":""},"categories":[7],"tags":[],"class_list":["post-56062","post","type-post","status-publish","format-standard","has-post-thumbnail","hentry","category-nacionales"],"_links":{"self":[{"href":"https:\/\/defrentealaverdad.com\/index.php\/wp-json\/wp\/v2\/posts\/56062","targetHints":{"allow":["GET"]}}],"collection":[{"href":"https:\/\/defrentealaverdad.com\/index.php\/wp-json\/wp\/v2\/posts"}],"about":[{"href":"https:\/\/defrentealaverdad.com\/index.php\/wp-json\/wp\/v2\/types\/post"}],"author":[{"embeddable":true,"href":"https:\/\/defrentealaverdad.com\/index.php\/wp-json\/wp\/v2\/users\/1"}],"replies":[{"embeddable":true,"href":"https:\/\/defrentealaverdad.com\/index.php\/wp-json\/wp\/v2\/comments?post=56062"}],"version-history":[{"count":1,"href":"https:\/\/defrentealaverdad.com\/index.php\/wp-json\/wp\/v2\/posts\/56062\/revisions"}],"predecessor-version":[{"id":56064,"href":"https:\/\/defrentealaverdad.com\/index.php\/wp-json\/wp\/v2\/posts\/56062\/revisions\/56064"}],"wp:featuredmedia":[{"embeddable":true,"href":"https:\/\/defrentealaverdad.com\/index.php\/wp-json\/wp\/v2\/media\/56063"}],"wp:attachment":[{"href":"https:\/\/defrentealaverdad.com\/index.php\/wp-json\/wp\/v2\/media?parent=56062"}],"wp:term":[{"taxonomy":"category","embeddable":true,"href":"https:\/\/defrentealaverdad.com\/index.php\/wp-json\/wp\/v2\/categories?post=56062"},{"taxonomy":"post_tag","embeddable":true,"href":"https:\/\/defrentealaverdad.com\/index.php\/wp-json\/wp\/v2\/tags?post=56062"}],"curies":[{"name":"wp","href":"https:\/\/api.w.org\/{rel}","templated":true}]}}