{"id":56008,"date":"2026-03-03T18:15:30","date_gmt":"2026-03-03T18:15:30","guid":{"rendered":"https:\/\/defrentealaverdad.com\/?p=56008"},"modified":"2026-03-04T01:17:08","modified_gmt":"2026-03-04T01:17:08","slug":"isabel-pantoja-50-anos-de-historia-una-noche-irrepetible-en-altos-de-chavon","status":"publish","type":"post","link":"https:\/\/defrentealaverdad.com\/index.php\/2026\/03\/03\/isabel-pantoja-50-anos-de-historia-una-noche-irrepetible-en-altos-de-chavon\/","title":{"rendered":"Isabel Pantoja: 50 a\u00f1os de historia, una noche irrepetible en Altos de Chav\u00f3n"},"content":{"rendered":"<blockquote>\n<p style=\"text-align: center;\">La artista espa\u00f1ola regresa al pa\u00eds el 23 de mayo en una producci\u00f3n de ED Live, junto a la Orquesta Filarm\u00f3nica de Santo Domingo dirigida por el maestro Amaury S\u00e1nchez. Las entradas salen a la venta este mi\u00e9rcoles 4 de marzo a trav\u00e9s de UEPA Tickets.<\/p>\n<\/blockquote>\n<p style=\"text-align: justify;\"><strong>Santo Domingo.<\/strong> Hay voces que no envejecen. Se instalan en la memoria y se vuelven el playlist secreto de innumerables recuerdos. La de Isabel Pantoja es una de ellas. Cinco d\u00e9cadas despu\u00e9s de iniciar una carrera que redefini\u00f3 la copla contempor\u00e1nea y marc\u00f3 a varias generaciones, la artista espa\u00f1ola volver\u00e1 a presentarse en Rep\u00fablica Dominicana el pr\u00f3ximo 23 de mayo, en el anfiteatro de Altos de Chav\u00f3n, con su gira mundial \u201c50 Aniversario\u201d, en una producci\u00f3n concebida por ED Live.<\/p>\n<p style=\"text-align: justify;\">El concierto no es un simple repaso de \u00e9xitos. Es la puesta en escena de una trayectoria que ha atravesado tendencias, \u00e9pocas y formatos sin perder vigencia. En esta ocasi\u00f3n, el repertorio ser\u00e1 interpretado en versi\u00f3n sinf\u00f3nica, acompa\u00f1ado por la Orquesta Filarm\u00f3nica de Santo Domingo, cuya presencia aporta autoridad y rigor musical a la velada. Las entradas est\u00e1n disponibles desde este mi\u00e9rcoles 4 de marzo en UEPA Tickets, marcando el inicio de la cuenta regresiva hacia una de las noches m\u00e1s esperadas de la temporada.<\/p>\n<p style=\"text-align: justify;\">\u00a0La direcci\u00f3n estar\u00e1 a cargo del maestro Amaury S\u00e1nchez, figura clave en la evoluci\u00f3n de la escena sinf\u00f3nica dominicana, quien asume el reto de traducir la intensidad emocional de Pantoja al lenguaje orquestal. Temas como Marinero de luces, As\u00ed fue, Se me enamora el alma, Era mi vida \u00e9l y Hoy quiero confesarme adquirir\u00e1n otra dimensi\u00f3n, arropados por una sonoridad amplia, dram\u00e1tica y elegante.<\/p>\n<p style=\"text-align: justify;\">\u00a0ED Live, responsable de la apuesta art\u00edstica, articula una propuesta trabajada con precisi\u00f3n, donde la m\u00fasica dialoga con el espacio y cada componente, desde las luces y los arreglos hasta la ejecuci\u00f3n esc\u00e9nica y t\u00e9cnica, responde al pulso art\u00edstico de la noche. La presentaci\u00f3n se suma a una serie de espect\u00e1culos de alto nivel t\u00e9cnico y est\u00e9tica rigurosa que han definido el sello de la productora en los \u00faltimos a\u00f1os. No se trata solo de presentar un show, sino de construir una experiencia a la altura de una trayectoria como la de Isabel Pantoja.<\/p>\n<p style=\"text-align: justify;\">Altos de Chav\u00f3n, con su caracter\u00edstica arquitectura de piedra y su historia ligada a grandes nombres de la m\u00fasica internacional, ser\u00e1 el marco natural para un encuentro que promete intensidad y sofisticaci\u00f3n en partes iguales. El repertorio, nutrido de copla, flamenco, tonadilla y canci\u00f3n rom\u00e1ntica, encontrar\u00e1 en el formato sinf\u00f3nico una dimensi\u00f3n renovada, sostenida por la potencia de una voz que contin\u00faa convocando emociones con la misma fuerza de sus inicios.<\/p>\n<p style=\"text-align: justify;\">El 23 de mayo no ser\u00e1 solo un concierto m\u00e1s en agenda. Ser\u00e1 una cita con una exponente que hizo de sus canciones la banda sonora de tantas vidas y que, cinco d\u00e9cadas despu\u00e9s, sigue dialogando con su p\u00fablico desde la emoci\u00f3n y la elegancia.<\/p>\n<blockquote>\n<p style=\"text-align: center;\">Las boletas estar\u00e1n disponibles en UEPA Tickets a partir del mi\u00e9rcoles 4 de marzo.<\/p>\n<\/blockquote>\n<p>Fuente: Herrera Far\u00e1ndula<\/p>\n","protected":false},"excerpt":{"rendered":"<p>La artista espa\u00f1ola regresa al pa\u00eds el 23 de mayo en una producci\u00f3n de ED<\/p>\n","protected":false},"author":1,"featured_media":56009,"comment_status":"open","ping_status":"open","sticky":false,"template":"","format":"standard","meta":{"footnotes":""},"categories":[6],"tags":[],"class_list":["post-56008","post","type-post","status-publish","format-standard","has-post-thumbnail","hentry","category-espectaculos"],"_links":{"self":[{"href":"https:\/\/defrentealaverdad.com\/index.php\/wp-json\/wp\/v2\/posts\/56008","targetHints":{"allow":["GET"]}}],"collection":[{"href":"https:\/\/defrentealaverdad.com\/index.php\/wp-json\/wp\/v2\/posts"}],"about":[{"href":"https:\/\/defrentealaverdad.com\/index.php\/wp-json\/wp\/v2\/types\/post"}],"author":[{"embeddable":true,"href":"https:\/\/defrentealaverdad.com\/index.php\/wp-json\/wp\/v2\/users\/1"}],"replies":[{"embeddable":true,"href":"https:\/\/defrentealaverdad.com\/index.php\/wp-json\/wp\/v2\/comments?post=56008"}],"version-history":[{"count":1,"href":"https:\/\/defrentealaverdad.com\/index.php\/wp-json\/wp\/v2\/posts\/56008\/revisions"}],"predecessor-version":[{"id":56010,"href":"https:\/\/defrentealaverdad.com\/index.php\/wp-json\/wp\/v2\/posts\/56008\/revisions\/56010"}],"wp:featuredmedia":[{"embeddable":true,"href":"https:\/\/defrentealaverdad.com\/index.php\/wp-json\/wp\/v2\/media\/56009"}],"wp:attachment":[{"href":"https:\/\/defrentealaverdad.com\/index.php\/wp-json\/wp\/v2\/media?parent=56008"}],"wp:term":[{"taxonomy":"category","embeddable":true,"href":"https:\/\/defrentealaverdad.com\/index.php\/wp-json\/wp\/v2\/categories?post=56008"},{"taxonomy":"post_tag","embeddable":true,"href":"https:\/\/defrentealaverdad.com\/index.php\/wp-json\/wp\/v2\/tags?post=56008"}],"curies":[{"name":"wp","href":"https:\/\/api.w.org\/{rel}","templated":true}]}}