{"id":55895,"date":"2026-03-01T09:12:50","date_gmt":"2026-03-01T09:12:50","guid":{"rendered":"https:\/\/defrentealaverdad.com\/?p=55895"},"modified":"2026-03-01T02:15:28","modified_gmt":"2026-03-01T02:15:28","slug":"lic-manuel-felix-rubio-realiza-visita-de-cortesia-al-ministro-de-defensa","status":"publish","type":"post","link":"https:\/\/defrentealaverdad.com\/index.php\/2026\/03\/01\/lic-manuel-felix-rubio-realiza-visita-de-cortesia-al-ministro-de-defensa\/","title":{"rendered":"Lic. Manuel F\u00e9lix Rubio realiza visita de cortes\u00eda al ministro de Defensa"},"content":{"rendered":"<p style=\"text-align: justify;\"><strong>Santo Domingo<\/strong>.\u2013 El licenciado Manuel F\u00e9lix Rubio realiz\u00f3 una visita de cortes\u00eda al ministro de Defensa, teniente general Carlos Antonio Fern\u00e1ndez Onofre, ERD, en la sede del Ministerio de Defensa (MIDE).<\/p>\n<p style=\"text-align: justify;\">Durante el encuentro, ambas autoridades conversaron sobre temas de inter\u00e9s institucional vinculados al fortalecimiento de la seguridad, la cooperaci\u00f3n interinstitucional y el compromiso con el desarrollo nacional.<\/p>\n<p style=\"text-align: justify;\">La reuni\u00f3n se desarroll\u00f3 en un ambiente de cordialidad y respeto mutuo, reafirmando la disposici\u00f3n de continuar promoviendo iniciativas que contribuyan al bienestar del pa\u00eds y al fortalecimiento de las Fuerzas Armadas.<\/p>\n<p style=\"text-align: justify;\">La visita forma parte de la agenda de acercamientos institucionales que buscan consolidar relaciones de trabajo y colaboraci\u00f3n entre distintos sectores.<\/p>\n<p>Fuente: Redacci\u00f3n DFV<\/p>\n","protected":false},"excerpt":{"rendered":"<p>Santo Domingo.\u2013 El licenciado Manuel F\u00e9lix Rubio realiz\u00f3 una visita de cortes\u00eda al ministro de<\/p>\n","protected":false},"author":1,"featured_media":55896,"comment_status":"open","ping_status":"open","sticky":false,"template":"","format":"standard","meta":{"footnotes":""},"categories":[7],"tags":[],"class_list":["post-55895","post","type-post","status-publish","format-standard","has-post-thumbnail","hentry","category-nacionales"],"_links":{"self":[{"href":"https:\/\/defrentealaverdad.com\/index.php\/wp-json\/wp\/v2\/posts\/55895","targetHints":{"allow":["GET"]}}],"collection":[{"href":"https:\/\/defrentealaverdad.com\/index.php\/wp-json\/wp\/v2\/posts"}],"about":[{"href":"https:\/\/defrentealaverdad.com\/index.php\/wp-json\/wp\/v2\/types\/post"}],"author":[{"embeddable":true,"href":"https:\/\/defrentealaverdad.com\/index.php\/wp-json\/wp\/v2\/users\/1"}],"replies":[{"embeddable":true,"href":"https:\/\/defrentealaverdad.com\/index.php\/wp-json\/wp\/v2\/comments?post=55895"}],"version-history":[{"count":1,"href":"https:\/\/defrentealaverdad.com\/index.php\/wp-json\/wp\/v2\/posts\/55895\/revisions"}],"predecessor-version":[{"id":55897,"href":"https:\/\/defrentealaverdad.com\/index.php\/wp-json\/wp\/v2\/posts\/55895\/revisions\/55897"}],"wp:featuredmedia":[{"embeddable":true,"href":"https:\/\/defrentealaverdad.com\/index.php\/wp-json\/wp\/v2\/media\/55896"}],"wp:attachment":[{"href":"https:\/\/defrentealaverdad.com\/index.php\/wp-json\/wp\/v2\/media?parent=55895"}],"wp:term":[{"taxonomy":"category","embeddable":true,"href":"https:\/\/defrentealaverdad.com\/index.php\/wp-json\/wp\/v2\/categories?post=55895"},{"taxonomy":"post_tag","embeddable":true,"href":"https:\/\/defrentealaverdad.com\/index.php\/wp-json\/wp\/v2\/tags?post=55895"}],"curies":[{"name":"wp","href":"https:\/\/api.w.org\/{rel}","templated":true}]}}