{"id":55892,"date":"2026-02-28T20:03:39","date_gmt":"2026-02-28T20:03:39","guid":{"rendered":"https:\/\/defrentealaverdad.com\/?p=55892"},"modified":"2026-02-28T23:47:29","modified_gmt":"2026-02-28T23:47:29","slug":"dr-julio-landron-supervisa-labores-de-limpieza-en-centro-de-atencion-primaria-la-yagua-en-gaspar-hernandez","status":"publish","type":"post","link":"https:\/\/defrentealaverdad.com\/index.php\/2026\/02\/28\/dr-julio-landron-supervisa-labores-de-limpieza-en-centro-de-atencion-primaria-la-yagua-en-gaspar-hernandez\/","title":{"rendered":"Dr. Julio Landr\u00f3n supervisa labores de limpieza en Centro de Atenci\u00f3n Primaria La Yagua en Gaspar Hern\u00e1ndez"},"content":{"rendered":"<p style=\"text-align: justify;\"><strong>Gaspar Hern\u00e1ndez,\u2013<\/strong> El director ejecutivo del Servicio Nacional de Salud (SNS), Julio Landr\u00f3n, se sum\u00f3 este d\u00eda a las labores de supervisi\u00f3n y limpieza del Centro de Atenci\u00f3n Primaria La Yagua, en el municipio de Gaspar Hern\u00e1ndez, luego de que las fuertes lluvias provocaran inundaciones en sus instalaciones.<\/p>\n<p style=\"text-align: justify;\">El titular del SNS acudi\u00f3 personalmente al centro afectado, donde junto al personal de salud y equipos de apoyo coordin\u00f3 de inmediato los trabajos de limpieza, acondicionamiento y recuperaci\u00f3n del \u00e1rea, con el objetivo de restablecer los servicios en el menor tiempo posible.<\/p>\n<p style=\"text-align: justify;\">Landr\u00f3n destac\u00f3 el compromiso del equipo m\u00e9dico y administrativo, que actu\u00f3 con rapidez para garantizar que el centro est\u00e9 en condiciones \u00f3ptimas y pueda continuar brindando atenci\u00f3n digna y oportuna a los mun\u00edcipes de la zona<\/p>\n<blockquote>\n<p style=\"text-align: center;\">\u201cEstamos aqu\u00ed trabajando hombro a hombro con nuestro personal para asegurar que este centro vuelva a operar con normalidad. La salud de nuestra gente es prioridad\u201d, expres\u00f3 el funcionario.<\/p>\n<\/blockquote>\n<p style=\"text-align: justify;\">Asimismo, inform\u00f3 que todos los Centros de Primer Nivel (CPN) de la zona cuentan con equipamiento adecuado, medicamentos suficientes y habilitaci\u00f3n total para ofrecer los servicios correspondientes, garantizando as\u00ed la continuidad en la atenci\u00f3n primaria.<\/p>\n<p style=\"text-align: justify;\">De igual manera, asegur\u00f3 que el hospital municipal est\u00e1 debidamente preparado para asistir cualquier eventualidad que pueda presentarse, reafirmando la capacidad de respuesta del sistema de salud ante situaciones de emergencia.<\/p>\n<p style=\"text-align: justify;\">Landr\u00f3n anunci\u00f3 adem\u00e1s que a finales de este mes ser\u00e1 inaugurado el Centro de Primer Nivel (CPN) de Veragua, el cual ya se encuentra en proceso de equipamiento, ampliando as\u00ed la cobertura y fortaleciendo la red de atenci\u00f3n primaria en la provincia.<\/p>\n<p style=\"text-align: justify;\">Las autoridades informaron que, gracias a las labores realizadas, los servicios del Centro de Atenci\u00f3n Primaria La Yagua estar\u00e1n disponibles nuevamente a partir del pr\u00f3ximo lunes, garantizando la atenci\u00f3n oportuna a la comunidad.<\/p>\n<p style=\"text-align: justify;\">El Servicio Nacional de Salud reafirma su compromiso de actuar de manera inmediata ante cualquier situaci\u00f3n que afecte la infraestructura sanitaria del pa\u00eds, priorizando siempre el bienestar de la poblaci\u00f3n y asegurando servicios de calidad para todos los ciudadanos.<\/p>\n<p>Fuente: El Gobierno<\/p>\n","protected":false},"excerpt":{"rendered":"<p>Gaspar Hern\u00e1ndez,\u2013 El director ejecutivo del Servicio Nacional de Salud (SNS), Julio Landr\u00f3n, se sum\u00f3<\/p>\n","protected":false},"author":1,"featured_media":55893,"comment_status":"open","ping_status":"open","sticky":false,"template":"","format":"standard","meta":{"footnotes":""},"categories":[221],"tags":[],"class_list":["post-55892","post","type-post","status-publish","format-standard","has-post-thumbnail","hentry","category-salud"],"_links":{"self":[{"href":"https:\/\/defrentealaverdad.com\/index.php\/wp-json\/wp\/v2\/posts\/55892","targetHints":{"allow":["GET"]}}],"collection":[{"href":"https:\/\/defrentealaverdad.com\/index.php\/wp-json\/wp\/v2\/posts"}],"about":[{"href":"https:\/\/defrentealaverdad.com\/index.php\/wp-json\/wp\/v2\/types\/post"}],"author":[{"embeddable":true,"href":"https:\/\/defrentealaverdad.com\/index.php\/wp-json\/wp\/v2\/users\/1"}],"replies":[{"embeddable":true,"href":"https:\/\/defrentealaverdad.com\/index.php\/wp-json\/wp\/v2\/comments?post=55892"}],"version-history":[{"count":1,"href":"https:\/\/defrentealaverdad.com\/index.php\/wp-json\/wp\/v2\/posts\/55892\/revisions"}],"predecessor-version":[{"id":55894,"href":"https:\/\/defrentealaverdad.com\/index.php\/wp-json\/wp\/v2\/posts\/55892\/revisions\/55894"}],"wp:featuredmedia":[{"embeddable":true,"href":"https:\/\/defrentealaverdad.com\/index.php\/wp-json\/wp\/v2\/media\/55893"}],"wp:attachment":[{"href":"https:\/\/defrentealaverdad.com\/index.php\/wp-json\/wp\/v2\/media?parent=55892"}],"wp:term":[{"taxonomy":"category","embeddable":true,"href":"https:\/\/defrentealaverdad.com\/index.php\/wp-json\/wp\/v2\/categories?post=55892"},{"taxonomy":"post_tag","embeddable":true,"href":"https:\/\/defrentealaverdad.com\/index.php\/wp-json\/wp\/v2\/tags?post=55892"}],"curies":[{"name":"wp","href":"https:\/\/api.w.org\/{rel}","templated":true}]}}