{"id":55877,"date":"2026-02-28T11:38:39","date_gmt":"2026-02-28T11:38:39","guid":{"rendered":"https:\/\/defrentealaverdad.com\/?p=55877"},"modified":"2026-02-28T15:21:16","modified_gmt":"2026-02-28T15:21:16","slug":"celebran-con-exito-cuarta-edicion-de-la-carrera-5k-con-motivo-del-nuevo-ano-chino","status":"publish","type":"post","link":"https:\/\/defrentealaverdad.com\/index.php\/2026\/02\/28\/celebran-con-exito-cuarta-edicion-de-la-carrera-5k-con-motivo-del-nuevo-ano-chino\/","title":{"rendered":"Celebran con \u00e9xito cuarta edici\u00f3n de la carrera 5K con motivo del Nuevo A\u00f1o Chino"},"content":{"rendered":"<blockquote>\n<p style=\"text-align: center;\">Participaron 285 atletas, una cifra r\u00e9cord en esta competencia amistosa que une ambos pueblos.<\/p>\n<\/blockquote>\n<p style=\"text-align: justify;\"><strong>Santo Domingo, febrero de 2026<\/strong>. Con la participaci\u00f3n de 285 atletas fue celebrada con \u00e9xito la cuarta edici\u00f3n de la carrera 5K que forma parte del Festival de la Primavera con motivo de la celebraci\u00f3n del Nuevo A\u00f1o Chino dedicado al Caballo de Fuego, s\u00edmbolo de energ\u00eda, fuerza y determinaci\u00f3n.<\/p>\n<p style=\"text-align: justify;\">Las palabras de bienvenida estuvieron a cargo de Miguel Feng, presidente de la Fundaci\u00f3n Jade Pro-Comunidad China, quien agradeci\u00f3 a Dios por la oportunidad de celebrar este intercambio de amistad en Rep\u00fablica Dominicana. Tambi\u00e9n agradeci\u00f3 a la alcaldesa Carolina Mej\u00eda por el respaldo a esta actividad que une ambos pueblos.<\/p>\n<p style=\"text-align: justify;\">A las 8:30 de la ma\u00f1ana se produjo la salida de los participantes desde el Pabell\u00f3n de las Naciones hasta la Feria Ganadera 2.5 kil\u00f3metros hasta completar los 5 kil\u00f3metros en el punto de origen.<\/p>\n<p style=\"text-align: justify;\">La salida fue realizada con el sonido de la corneta realizado por el embajador de la Rep\u00fablica Popular China en Rep\u00fablica Dominicana, Chen Luning, quien dijo que es un orgulloso estar aqu\u00ed y este a\u00f1o coincide con la Independencia de Rep\u00fablica Dominicana.<\/p>\n<p style=\"text-align: justify;\">El diplom\u00e1tico reconoci\u00f3 el esfuerzo de Jade Pro- Comunidad China y destac\u00f3 que este es un evento emblematico de la ciudad de Santo Domingo.<\/p>\n<ul>\n<li style=\"text-align: justify;\">En la categoria Master Femenina ganaron Josefina de Jes\u00fas L\u00f3pez, Rosa L. Castillo y Sonia Mer\u00e1n.<\/li>\n<\/ul>\n<ul>\n<li style=\"text-align: justify;\">En la categoria Master Masculino Jos\u00e9 Domingo Espinal, Elinardo Reyes y Jos\u00e9 Herrera.<\/li>\n<\/ul>\n<ul>\n<li style=\"text-align: justify;\">En la categor\u00eda Juvenil Femenina, los ganadores fueron Esther Dur\u00e1n, primer lugar;<\/li>\n<\/ul>\n<ul>\n<li style=\"text-align: justify;\">Eliana Ceballos y Aile Esponda, segundo y tercer lugar, respectivamente.<\/li>\n<\/ul>\n<ul>\n<li style=\"text-align: justify;\">En la categoria Juvenil Masculina ganaron Fernelis de la Rosa, Emilio Sebasti\u00e1n de la Cruz y Mathew Mora.<\/li>\n<\/ul>\n<ul>\n<li style=\"text-align: justify;\">En la categoria Chino Masculino ganaron Gao Peng, Wi Bin Feng y Yao Qin Yu, en el primer, segundo y tercer lugar<\/li>\n<\/ul>\n<ul>\n<li style=\"text-align: justify;\">En la misma categoria, pero del rengl\u00f3n femenino ganaron en primer y segundo lugar, Zhany Yanpei y Wang Yin Hong, respectivamente.<\/li>\n<\/ul>\n<ul>\n<li>En la categoria Superior Femenina ganaron los tres primeros lugares Anayelis Ram\u00edrez, Yanleidy Kelly y Cris Menc\u00eda Vivens.<\/li>\n<\/ul>\n<ul>\n<li>En la categoria Superior Masculina ganaron Wide Mayer, Janser Marcelo y Franklin Jim\u00e9nez.<\/li>\n<\/ul>\n<p>&nbsp;<\/p>\n<p style=\"text-align: justify;\">Todos los ganadores del marat\u00f3n recibieron medallas y premios en met\u00e1lico.<\/p>\n<p>&nbsp;<\/p>\n<p>Fuente: Sociales y Turismo<\/p>\n","protected":false},"excerpt":{"rendered":"<p>Participaron 285 atletas, una cifra r\u00e9cord en esta competencia amistosa que une ambos pueblos. Santo<\/p>\n","protected":false},"author":4,"featured_media":55878,"comment_status":"open","ping_status":"open","sticky":false,"template":"","format":"standard","meta":{"footnotes":""},"categories":[13],"tags":[],"class_list":["post-55877","post","type-post","status-publish","format-standard","has-post-thumbnail","hentry","category-sociales"],"_links":{"self":[{"href":"https:\/\/defrentealaverdad.com\/index.php\/wp-json\/wp\/v2\/posts\/55877","targetHints":{"allow":["GET"]}}],"collection":[{"href":"https:\/\/defrentealaverdad.com\/index.php\/wp-json\/wp\/v2\/posts"}],"about":[{"href":"https:\/\/defrentealaverdad.com\/index.php\/wp-json\/wp\/v2\/types\/post"}],"author":[{"embeddable":true,"href":"https:\/\/defrentealaverdad.com\/index.php\/wp-json\/wp\/v2\/users\/4"}],"replies":[{"embeddable":true,"href":"https:\/\/defrentealaverdad.com\/index.php\/wp-json\/wp\/v2\/comments?post=55877"}],"version-history":[{"count":1,"href":"https:\/\/defrentealaverdad.com\/index.php\/wp-json\/wp\/v2\/posts\/55877\/revisions"}],"predecessor-version":[{"id":55879,"href":"https:\/\/defrentealaverdad.com\/index.php\/wp-json\/wp\/v2\/posts\/55877\/revisions\/55879"}],"wp:featuredmedia":[{"embeddable":true,"href":"https:\/\/defrentealaverdad.com\/index.php\/wp-json\/wp\/v2\/media\/55878"}],"wp:attachment":[{"href":"https:\/\/defrentealaverdad.com\/index.php\/wp-json\/wp\/v2\/media?parent=55877"}],"wp:term":[{"taxonomy":"category","embeddable":true,"href":"https:\/\/defrentealaverdad.com\/index.php\/wp-json\/wp\/v2\/categories?post=55877"},{"taxonomy":"post_tag","embeddable":true,"href":"https:\/\/defrentealaverdad.com\/index.php\/wp-json\/wp\/v2\/tags?post=55877"}],"curies":[{"name":"wp","href":"https:\/\/api.w.org\/{rel}","templated":true}]}}