{"id":55859,"date":"2026-02-28T09:15:54","date_gmt":"2026-02-28T09:15:54","guid":{"rendered":"https:\/\/defrentealaverdad.com\/?p=55859"},"modified":"2026-02-28T14:57:02","modified_gmt":"2026-02-28T14:57:02","slug":"envian-ante-la-justicia-a-conductor-detenido-con-13-extranjeros-en-condicion-migratoria-irregular-en-mao","status":"publish","type":"post","link":"https:\/\/defrentealaverdad.com\/index.php\/2026\/02\/28\/envian-ante-la-justicia-a-conductor-detenido-con-13-extranjeros-en-condicion-migratoria-irregular-en-mao\/","title":{"rendered":"Env\u00edan ante la justicia a conductor detenido con 13 extranjeros en condici\u00f3n migratoria irregular en Mao"},"content":{"rendered":"<p style=\"text-align: justify;\"><strong>Mao, provincia Valverde, R.D.<\/strong>\u2013Miembros del Ej\u00e9rcito de Rep\u00fablica Dominicana (ERD), detuvieron a un hombre que transportaba a trece (13) nacionales haitianos en condici\u00f3n migratoria irregular, durante un operativo realizado en el municipio de Mao, provincia Valverde.<\/p>\n<p style=\"text-align: justify;\">La detenci\u00f3n se produjo luego de que una patrulla m\u00f3vil alertara sobre un veh\u00edculo sospechoso. De inmediato, miembros del ERD procedieron a interceptar el cami\u00f3n tipo Daihatsu, modelo Delta, color blanco, placa No. L244119, en el puesto de chequeo avanzado ubicado frente a la c\u00e1rcel p\u00fablica de Mao.<\/p>\n<p style=\"text-align: justify;\">El veh\u00edculo era conducido por un hombre identificado como Alejo G\u00f3mez Lora, quien al ser requisado le fueron encontrados en el interior del cami\u00f3n trece (13) nacionales haitianos con estatus migratorio irregular, distribuidos en seis (06) mujeres y siete (07) hombres.<\/p>\n<p style=\"text-align: justify;\">El conductor, el veh\u00edculo y los extranjeros indocumentados fueron trasladados a la sede de la 4ta. Brigada de Infanter\u00eda del ERD para los fines legales correspondientes.<\/p>\n<p style=\"text-align: justify;\">El Ej\u00e9rcito de Rep\u00fablica Dominicana continuar\u00e1 ejecutando operativos de interdicci\u00f3n en apoyo a las autoridades competentes, en cumplimiento de las leyes vigentes.<\/p>\n<p>&nbsp;<\/p>\n<p>Fuente: Ej\u00e9rcito de Rep\u00fablica Dominicana<\/p>\n","protected":false},"excerpt":{"rendered":"<p>Mao, provincia Valverde, R.D.\u2013Miembros del Ej\u00e9rcito de Rep\u00fablica Dominicana (ERD), detuvieron a un hombre que<\/p>\n","protected":false},"author":1,"featured_media":55860,"comment_status":"open","ping_status":"open","sticky":false,"template":"","format":"standard","meta":{"footnotes":""},"categories":[7],"tags":[],"class_list":["post-55859","post","type-post","status-publish","format-standard","has-post-thumbnail","hentry","category-nacionales"],"_links":{"self":[{"href":"https:\/\/defrentealaverdad.com\/index.php\/wp-json\/wp\/v2\/posts\/55859","targetHints":{"allow":["GET"]}}],"collection":[{"href":"https:\/\/defrentealaverdad.com\/index.php\/wp-json\/wp\/v2\/posts"}],"about":[{"href":"https:\/\/defrentealaverdad.com\/index.php\/wp-json\/wp\/v2\/types\/post"}],"author":[{"embeddable":true,"href":"https:\/\/defrentealaverdad.com\/index.php\/wp-json\/wp\/v2\/users\/1"}],"replies":[{"embeddable":true,"href":"https:\/\/defrentealaverdad.com\/index.php\/wp-json\/wp\/v2\/comments?post=55859"}],"version-history":[{"count":1,"href":"https:\/\/defrentealaverdad.com\/index.php\/wp-json\/wp\/v2\/posts\/55859\/revisions"}],"predecessor-version":[{"id":55861,"href":"https:\/\/defrentealaverdad.com\/index.php\/wp-json\/wp\/v2\/posts\/55859\/revisions\/55861"}],"wp:featuredmedia":[{"embeddable":true,"href":"https:\/\/defrentealaverdad.com\/index.php\/wp-json\/wp\/v2\/media\/55860"}],"wp:attachment":[{"href":"https:\/\/defrentealaverdad.com\/index.php\/wp-json\/wp\/v2\/media?parent=55859"}],"wp:term":[{"taxonomy":"category","embeddable":true,"href":"https:\/\/defrentealaverdad.com\/index.php\/wp-json\/wp\/v2\/categories?post=55859"},{"taxonomy":"post_tag","embeddable":true,"href":"https:\/\/defrentealaverdad.com\/index.php\/wp-json\/wp\/v2\/tags?post=55859"}],"curies":[{"name":"wp","href":"https:\/\/api.w.org\/{rel}","templated":true}]}}