{"id":55856,"date":"2026-02-28T09:53:24","date_gmt":"2026-02-28T09:53:24","guid":{"rendered":"https:\/\/defrentealaverdad.com\/?p=55856"},"modified":"2026-02-28T14:55:07","modified_gmt":"2026-02-28T14:55:07","slug":"hermandad-de-veteranos-da-la-bienvenida-a-oficiales-en-honrosa-situacion-de-retiro","status":"publish","type":"post","link":"https:\/\/defrentealaverdad.com\/index.php\/2026\/02\/28\/hermandad-de-veteranos-da-la-bienvenida-a-oficiales-en-honrosa-situacion-de-retiro\/","title":{"rendered":"Hermandad de Veteranos da la bienvenida a oficiales en honrosa situaci\u00f3n de retiro"},"content":{"rendered":"<p>Por F\u00e9lix Rubio<\/p>\n<p style=\"text-align: justify;\"><strong>Santo Domingo, D.N. \u2013 Febrero de 2026.<\/strong> La Hermandad de Veteranos de las Fuerzas Armadas y la Polic\u00eda Nacional, Inc., emiti\u00f3 un comunicado dirigido a los oficiales que han culminado su servicio activo en honrosa situaci\u00f3n de retiro, d\u00e1ndoles la bienvenida formal a la organizaci\u00f3n.<\/p>\n<p style=\"text-align: justify;\">En el mensaje, firmado por su presidente, el Mayor General (R) ERD Valerio Antonio Garc\u00eda Reyes, la entidad resalt\u00f3 que el retiro no representa un punto final, sino la continuidad de una trayectoria marcada por la disciplina, el sacrificio y la lealtad a la Naci\u00f3n.<\/p>\n<blockquote>\n<p style=\"text-align: center;\">\u201cLa investidura de Veterano no es una condici\u00f3n administrativa, sino un reconocimiento moral a los a\u00f1os de entrega al servicio de la Patria\u201d, expresa el comunicado, al tiempo que subraya que quienes han servido salen \u201cpor la puerta ancha, con el honor intacto\u201d.<\/p>\n<\/blockquote>\n<p style=\"text-align: justify;\">La Hermandad reafirm\u00f3 que este nuevo cap\u00edtulo en la vida de los oficiales constituye una transformaci\u00f3n de misi\u00f3n, donde la experiencia se convierte en orientaci\u00f3n, la disciplina en ejemplo y la solidaridad en fuerza colectiva. Asimismo, reiter\u00f3 que la organizaci\u00f3n es un espacio de unidad, protecci\u00f3n y prop\u00f3sito compartido para los pensionados de las Fuerzas Armadas y la Polic\u00eda Nacional.<\/p>\n<blockquote>\n<p style=\"text-align: center;\">\u201cEl retiro no es repliegue, es transformaci\u00f3n\u201d, concluye el documento, invitando a los veteranos a continuar caminando con dignidad y liderazgo moral en la sociedad<\/p>\n<\/blockquote>\n<p>Fuente: Hermandad de Veteranos FF. AA.<\/p>\n","protected":false},"excerpt":{"rendered":"<p>Por F\u00e9lix Rubio Santo Domingo, D.N. \u2013 Febrero de 2026. La Hermandad de Veteranos de<\/p>\n","protected":false},"author":1,"featured_media":55857,"comment_status":"open","ping_status":"open","sticky":false,"template":"","format":"standard","meta":{"footnotes":""},"categories":[7],"tags":[],"class_list":["post-55856","post","type-post","status-publish","format-standard","has-post-thumbnail","hentry","category-nacionales"],"_links":{"self":[{"href":"https:\/\/defrentealaverdad.com\/index.php\/wp-json\/wp\/v2\/posts\/55856","targetHints":{"allow":["GET"]}}],"collection":[{"href":"https:\/\/defrentealaverdad.com\/index.php\/wp-json\/wp\/v2\/posts"}],"about":[{"href":"https:\/\/defrentealaverdad.com\/index.php\/wp-json\/wp\/v2\/types\/post"}],"author":[{"embeddable":true,"href":"https:\/\/defrentealaverdad.com\/index.php\/wp-json\/wp\/v2\/users\/1"}],"replies":[{"embeddable":true,"href":"https:\/\/defrentealaverdad.com\/index.php\/wp-json\/wp\/v2\/comments?post=55856"}],"version-history":[{"count":1,"href":"https:\/\/defrentealaverdad.com\/index.php\/wp-json\/wp\/v2\/posts\/55856\/revisions"}],"predecessor-version":[{"id":55858,"href":"https:\/\/defrentealaverdad.com\/index.php\/wp-json\/wp\/v2\/posts\/55856\/revisions\/55858"}],"wp:featuredmedia":[{"embeddable":true,"href":"https:\/\/defrentealaverdad.com\/index.php\/wp-json\/wp\/v2\/media\/55857"}],"wp:attachment":[{"href":"https:\/\/defrentealaverdad.com\/index.php\/wp-json\/wp\/v2\/media?parent=55856"}],"wp:term":[{"taxonomy":"category","embeddable":true,"href":"https:\/\/defrentealaverdad.com\/index.php\/wp-json\/wp\/v2\/categories?post=55856"},{"taxonomy":"post_tag","embeddable":true,"href":"https:\/\/defrentealaverdad.com\/index.php\/wp-json\/wp\/v2\/tags?post=55856"}],"curies":[{"name":"wp","href":"https:\/\/api.w.org\/{rel}","templated":true}]}}