{"id":55554,"date":"2026-02-24T09:09:35","date_gmt":"2026-02-24T09:09:35","guid":{"rendered":"https:\/\/defrentealaverdad.com\/?p=55554"},"modified":"2026-02-24T12:11:47","modified_gmt":"2026-02-24T12:11:47","slug":"worldwide-presenta-su-plan-de-negocios-junto-a-deg-en-el-marco-de-los-awards-2026","status":"publish","type":"post","link":"https:\/\/defrentealaverdad.com\/index.php\/2026\/02\/24\/worldwide-presenta-su-plan-de-negocios-junto-a-deg-en-el-marco-de-los-awards-2026\/","title":{"rendered":"WorldWide presenta su Plan de Negocios junto a DEG en el marco de los Awards 2026"},"content":{"rendered":"<p style=\"text-align: justify;\">En un ambiente de celebraci\u00f3n y reconocimiento, WorldWide Seguros present\u00f3 su Plan de Negocios durante la entrega de los \u201cWorldWide Awards\u201d, realizada en el Hotel El Embajador.<\/p>\n<p style=\"text-align: justify;\">El evento cont\u00f3 con la presencia de su Chairman, Zanoni Selig, y Thomas Kessler, representante de la DEG (filial de KFW y accionista del 33% del grupo), quienes reafirmaron el respaldo y la solidez de la alianza estrat\u00e9gica que por 15 a\u00f1os ha impulsado el crecimiento y liderazgo de la compa\u00f1\u00eda en Vida Individual y Salud Internacional.<\/p>\n<p style=\"text-align: justify;\">Zanoni Selig destac\u00f3 los resultados alcanzados en 2025 y el compromiso de la empresa con brindar acceso a atenci\u00f3n m\u00e9dica de clase mundial, resaltando la alianza con la Cl\u00ednica Universidad de Navarra \u2014donde se han realizado m\u00e1s de 600 tratamientos en los \u00faltimos dos a\u00f1os\u2014 y el fortalecimiento de su relaci\u00f3n con CEDIMAT en Rep\u00fablica Dominicana.<\/p>\n<p style=\"text-align: justify;\">Por su parte, Yamel Atieh, Country Manager en el pa\u00eds, anunci\u00f3 nuevas iniciativas como el programa \u201cWorldWide Learning\u201d en Santiago y Punta Cana, as\u00ed como los planes \u201cSecurity Plus\u201d y \u201cDistinction Plus\u201d, orientados a consolidar el crecimiento y posicionamiento de la empresa.<\/p>\n<p style=\"text-align: justify;\">Durante la premiaci\u00f3n se reconoci\u00f3 a los productores m\u00e1s destacados en los ramos de Vida y Salud Internacional, reafirmando el compromiso de WorldWide con su red comercial y el desarrollo sostenible del sector asegurador.<\/p>\n<p style=\"text-align: justify;\">Con 27 a\u00f1os de trayectoria, WorldWide tiene presencia en Panam\u00e1, Rep\u00fablica Dominicana, Guatemala, Paraguay y Bolivia, y cuenta con el respaldo de Landehut Holding y la DEG\/KFW, cuyo propietario final es el Gobierno Federal de Alemania.<\/p>\n<p>&nbsp;<\/p>\n<p>Fuente: WorldWide<\/p>\n","protected":false},"excerpt":{"rendered":"<p>En un ambiente de celebraci\u00f3n y reconocimiento, WorldWide Seguros present\u00f3 su Plan de Negocios durante<\/p>\n","protected":false},"author":1,"featured_media":55555,"comment_status":"open","ping_status":"open","sticky":false,"template":"","format":"standard","meta":{"footnotes":""},"categories":[13],"tags":[],"class_list":["post-55554","post","type-post","status-publish","format-standard","has-post-thumbnail","hentry","category-sociales"],"_links":{"self":[{"href":"https:\/\/defrentealaverdad.com\/index.php\/wp-json\/wp\/v2\/posts\/55554","targetHints":{"allow":["GET"]}}],"collection":[{"href":"https:\/\/defrentealaverdad.com\/index.php\/wp-json\/wp\/v2\/posts"}],"about":[{"href":"https:\/\/defrentealaverdad.com\/index.php\/wp-json\/wp\/v2\/types\/post"}],"author":[{"embeddable":true,"href":"https:\/\/defrentealaverdad.com\/index.php\/wp-json\/wp\/v2\/users\/1"}],"replies":[{"embeddable":true,"href":"https:\/\/defrentealaverdad.com\/index.php\/wp-json\/wp\/v2\/comments?post=55554"}],"version-history":[{"count":1,"href":"https:\/\/defrentealaverdad.com\/index.php\/wp-json\/wp\/v2\/posts\/55554\/revisions"}],"predecessor-version":[{"id":55556,"href":"https:\/\/defrentealaverdad.com\/index.php\/wp-json\/wp\/v2\/posts\/55554\/revisions\/55556"}],"wp:featuredmedia":[{"embeddable":true,"href":"https:\/\/defrentealaverdad.com\/index.php\/wp-json\/wp\/v2\/media\/55555"}],"wp:attachment":[{"href":"https:\/\/defrentealaverdad.com\/index.php\/wp-json\/wp\/v2\/media?parent=55554"}],"wp:term":[{"taxonomy":"category","embeddable":true,"href":"https:\/\/defrentealaverdad.com\/index.php\/wp-json\/wp\/v2\/categories?post=55554"},{"taxonomy":"post_tag","embeddable":true,"href":"https:\/\/defrentealaverdad.com\/index.php\/wp-json\/wp\/v2\/tags?post=55554"}],"curies":[{"name":"wp","href":"https:\/\/api.w.org\/{rel}","templated":true}]}}