{"id":5530,"date":"2023-06-21T13:38:08","date_gmt":"2023-06-21T13:38:08","guid":{"rendered":"https:\/\/defrentealaverdad.com\/?p=5530"},"modified":"2023-06-21T13:38:08","modified_gmt":"2023-06-21T13:38:08","slug":"abinader-se-reune-con-directivos-adp-y-minerd-insta-a-un-gran-acuerdo-nacional-para-mejorar-la-educacion","status":"publish","type":"post","link":"https:\/\/defrentealaverdad.com\/index.php\/2023\/06\/21\/abinader-se-reune-con-directivos-adp-y-minerd-insta-a-un-gran-acuerdo-nacional-para-mejorar-la-educacion\/","title":{"rendered":"Abinader se re\u00fane con directivos ADP y Minerd; insta a un gran acuerdo nacional para mejorar la educaci\u00f3n"},"content":{"rendered":"<div class=\"post-thumbnail w-100\" style=\"text-align: justify;\" data-fancybox=\"\" data-src=\"https:\/\/img.mmc.com.do\/elcaribe-bucket\/uploads\/2023\/06\/whatsapp-image-2023-06-20-at-82709-pm.jpeg\" data-caption=\"\"><img decoding=\"async\" class=\"attachment-post-thumbnail size-post-thumbnail wp-post-image lazyautosizes lazyloaded\" src=\"https:\/\/img.mmc.com.do\/elcaribe-bucket\/uploads\/2023\/06\/whatsapp-image-2023-06-20-at-82709-pm.jpeg\" sizes=\"957px\" srcset=\"https:\/\/img.mmc.com.do\/elcaribe-bucket\/uploads\/2023\/06\/whatsapp-image-2023-06-20-at-82709-pm-300x179.jpeg 300w, https:\/\/img.mmc.com.do\/elcaribe-bucket\/uploads\/2023\/06\/whatsapp-image-2023-06-20-at-82709-pm-768x459.jpeg 768w, https:\/\/img.mmc.com.do\/elcaribe-bucket\/uploads\/2023\/06\/whatsapp-image-2023-06-20-at-82709-pm-150x90.jpeg 150w, https:\/\/img.mmc.com.do\/elcaribe-bucket\/uploads\/2023\/06\/whatsapp-image-2023-06-20-at-82709-pm.jpeg 1024w\" alt=\"\" data-src=\"https:\/\/img.mmc.com.do\/elcaribe-bucket\/uploads\/2023\/06\/whatsapp-image-2023-06-20-at-82709-pm.jpeg\" data-srcset=\"https:\/\/img.mmc.com.do\/elcaribe-bucket\/uploads\/2023\/06\/whatsapp-image-2023-06-20-at-82709-pm-300x179.jpeg 300w, https:\/\/img.mmc.com.do\/elcaribe-bucket\/uploads\/2023\/06\/whatsapp-image-2023-06-20-at-82709-pm-768x459.jpeg 768w, https:\/\/img.mmc.com.do\/elcaribe-bucket\/uploads\/2023\/06\/whatsapp-image-2023-06-20-at-82709-pm-150x90.jpeg 150w, https:\/\/img.mmc.com.do\/elcaribe-bucket\/uploads\/2023\/06\/whatsapp-image-2023-06-20-at-82709-pm.jpeg 1024w\" data-sizes=\"auto\" \/><\/div>\n<div class=\"entry-content\" style=\"text-align: justify;\">\n<div class=\"share\">\n<p><strong>Santo Domingo, RD.-<\/strong>\u00a0Insumos, terminaci\u00f3n de escuelas, la parte did\u00e1ctica, desempe\u00f1o, indexaci\u00f3n de los pensionados y el nombramiento de nuevo personal, fueron algunos de los temas tocados este martes por el mandatario dominicano,\u00a0<a href=\"https:\/\/www.elcaribe.com.do\/panorama\/pais\/abinader-entrega-bandera-de-rd-a-delegacion-que-participara-en-xxlv-juegos-centroamericanos-y-del-caribe\/\">Luis Abinader,<\/a>\u00a0con los directivos de la Asociaci\u00f3n Dominicana de Profesores (ADP) y el ministro de\u00a0Educaci\u00f3n,\u00a0de cara a lograr un acuerdo nacional para la educaci\u00f3n.<\/p>\n<\/div>\n<div class=\"content\">\n<p>La informaci\u00f3n fue ofrecida por Pablo Ulloa, Defensor del Pueblo, junto al ministro de Educaci\u00f3n, \u00c1ngel Hern\u00e1ndez, y el presidente de la ADP, Eduardo Hidalgo, tras concluir el encuentro de dos horas, que se llev\u00f3 a cabo en Sal\u00f3n Verde del Palacio Nacional.<\/p>\n<p>Al pronunciar algunas palabras, Ulloa indic\u00f3 algunos puntos que se ir\u00e1n trabajando, que incluye la parte pedag\u00f3gica, el nombramiento de nuevos maestros y el fortalecimiento de las capacidades de gesti\u00f3n de las escuelas p\u00fablicas de la Rep\u00fablica Dominicana.<\/p>\n<div id=\"\" class=\"mmc_ads \">\n<div id=\"div-gpt-ad-elCaribe_300x250_inread\" class=\"\" data-google-query-id=\"CJ3_0fO91P8CFYbFhwodmh0I8g\">\n<div id=\"google_ads_iframe_\/22084339\/elCaribe_300x250_inread_0__container__\">\u201cTanto la ADP como el magisterio de Educaci\u00f3n establecieron 10 puntos que se ir\u00e1n trabajando a partir de ahora hasta finalizar la pr\u00f3xima semana (o sea, el jueves pr\u00f3ximo). Esto incluye no solo el tema de lo material, sino tambi\u00e9n la calidad del servicio educativo en todo el pa\u00eds\u201d, expres\u00f3 Ulloa.<\/div>\n<\/div>\n<\/div>\n<p>A esto agreg\u00f3 dem\u00e1s, que hubo mucha apertura para el di\u00e1logo y que se concentraron en lo que son las calidades tanto de la capacidad del docente como de los insumos y el servicio de gesti\u00f3n que hace el ministerio de Educaci\u00f3n para as\u00ed tener un mejor servicio educativo para que los ni\u00f1os aprendan mejor.<\/p>\n<p>Asimismo, el ministro de Educaci\u00f3n \u00c1ngel Hern\u00e1ndez asegur\u00f3 que con este dialogo se har\u00e1 un buen consenso por el pa\u00eds y la educaci\u00f3n en general.<\/p>\n<div id=\"\" class=\"mmc_ads \">\n<div id=\"div-gpt-ad-elCaribe_300x250_inread\" class=\"\">Por su parte, el presidente de la ADP, Eduardo Hidalgo indic\u00f3 se avanza en las discusiones \u201cy en la pr\u00f3xima semana estaremos concluyendo un gran acuerdo por la educaci\u00f3n dominicana que ser\u00e1 anunciado a todo el pa\u00eds y a los profesores, padres, madres y los estudiantes.<\/div>\n<\/div>\n<p>Por parte del gobierno, acompa\u00f1aron al jefe del Estado, el ministro Administrativo de la Presidencia, Jos\u00e9 Ignacio Paliza y el ministro de la Presidencia, Joel Santos.<\/p>\n<p>Por la ADP, su presidente Eduardo Hidalgo; Juan de Dios N\u00fa\u00f1ez; M\u00e1ximo Santiago, Zoraida Trinidad, Isa\u00edas Solano, Julio Canelo, V\u00edctor Garc\u00eda, Primitiva Medina, Franco de los Santos, Miguel Fern\u00e1ndez, Frankl\u00edn Ferreras, G\u00e9nesis Santos, Cesar\u00edn Acosta, Zen\u00f3n Padilla, Luis Ventura y \u00c1ngel Cuello.<\/p>\n<\/div>\n<\/div>\n<p style=\"text-align: justify;\">Fuente: El Caribe<\/p>\n","protected":false},"excerpt":{"rendered":"<p>Santo Domingo, RD.-\u00a0Insumos, terminaci\u00f3n de escuelas, la parte did\u00e1ctica, desempe\u00f1o, indexaci\u00f3n de los pensionados y<\/p>\n","protected":false},"author":2,"featured_media":0,"comment_status":"open","ping_status":"open","sticky":false,"template":"","format":"standard","meta":{"footnotes":""},"categories":[7],"tags":[],"class_list":["post-5530","post","type-post","status-publish","format-standard","hentry","category-nacionales"],"_links":{"self":[{"href":"https:\/\/defrentealaverdad.com\/index.php\/wp-json\/wp\/v2\/posts\/5530","targetHints":{"allow":["GET"]}}],"collection":[{"href":"https:\/\/defrentealaverdad.com\/index.php\/wp-json\/wp\/v2\/posts"}],"about":[{"href":"https:\/\/defrentealaverdad.com\/index.php\/wp-json\/wp\/v2\/types\/post"}],"author":[{"embeddable":true,"href":"https:\/\/defrentealaverdad.com\/index.php\/wp-json\/wp\/v2\/users\/2"}],"replies":[{"embeddable":true,"href":"https:\/\/defrentealaverdad.com\/index.php\/wp-json\/wp\/v2\/comments?post=5530"}],"version-history":[{"count":1,"href":"https:\/\/defrentealaverdad.com\/index.php\/wp-json\/wp\/v2\/posts\/5530\/revisions"}],"predecessor-version":[{"id":5531,"href":"https:\/\/defrentealaverdad.com\/index.php\/wp-json\/wp\/v2\/posts\/5530\/revisions\/5531"}],"wp:attachment":[{"href":"https:\/\/defrentealaverdad.com\/index.php\/wp-json\/wp\/v2\/media?parent=5530"}],"wp:term":[{"taxonomy":"category","embeddable":true,"href":"https:\/\/defrentealaverdad.com\/index.php\/wp-json\/wp\/v2\/categories?post=5530"},{"taxonomy":"post_tag","embeddable":true,"href":"https:\/\/defrentealaverdad.com\/index.php\/wp-json\/wp\/v2\/tags?post=5530"}],"curies":[{"name":"wp","href":"https:\/\/api.w.org\/{rel}","templated":true}]}}