{"id":5519,"date":"2023-06-21T13:32:19","date_gmt":"2023-06-21T13:32:19","guid":{"rendered":"https:\/\/defrentealaverdad.com\/?p=5519"},"modified":"2023-06-21T13:32:39","modified_gmt":"2023-06-21T13:32:39","slug":"la-tormenta-tropical-bret-pasaria-muy-al-sur-de-rd-segun-nueva-posible-trayectoria","status":"publish","type":"post","link":"https:\/\/defrentealaverdad.com\/index.php\/2023\/06\/21\/la-tormenta-tropical-bret-pasaria-muy-al-sur-de-rd-segun-nueva-posible-trayectoria\/","title":{"rendered":"La tormenta tropical Bret pasar\u00eda muy al sur de RD, seg\u00fan nueva posible trayectoria"},"content":{"rendered":"<div class=\"post-media post-featured-image\">\n<p><a class=\"gallery-popup\" href=\"https:\/\/hoy.com.do\/wp-content\/uploads\/2023\/06\/BRET-11-.jpg\"><img decoding=\"async\" class=\"img-fluid img-cover lazyloaded aligncenter\" src=\"https:\/\/hoy.com.do\/wp-content\/uploads\/2023\/06\/BRET-11-.jpg.webp\" alt=\"La tormenta tropical Bret pasar\u00eda muy al sur de RD, seg\u00fan nueva posible trayectoria\" width=\"982\" height=\"356\" data-src=\"https:\/\/hoy.com.do\/wp-content\/uploads\/2023\/06\/BRET-11-.jpg.webp\" data-src-webp=\"https:\/\/hoy.com.do\/wp-content\/uploads\/2023\/06\/BRET-11-.jpg.webp\" data-pagespeed-url-hash=\"3038245008\" \/><\/a><\/p>\n<\/div>\n<div id=\"leercontexto\" class=\"entry-content\">\n<p style=\"text-align: justify;\"><strong>La directora de la Oficina Nacional de Metrolog\u00eda inform\u00f3 hoy la tormenta tropical Bret no se convertir\u00e1 en hurac\u00e1n, como se ten\u00eda pronosticado.<\/strong><\/p>\n<p style=\"text-align: justify;\">\u00abTT Bret se mantendr\u00e1 como tormenta tropical mientras transita por el Atl\u00e1ntico tropical, las condiciones ambientales (vientos cortantes, aire seco) no favorecen su intensificaci\u00f3n\u00bb, fue el mensaje que poste\u00f3 Gloria Ceballos en su cuenta de Twitter.<\/p>\n<p style=\"text-align: justify;\">Adem\u00e1s, la experta explic\u00f3 que los<strong>\u00a0modelos de trayectoria ya acoplados indican que estar\u00eda pasando muy al sur de la Rep\u00fablica Dominicana.<\/strong><\/p>\n<p style=\"text-align: justify;\">Tambi\u00e9n la Onamet, dijo que Bret contin\u00faa moviendo hacia el oeste a unos 33kph, con vientos m\u00e1ximos sostenidos de 65kph. Ubic\u00e1ndose a unos 1,525 km al Este de las Islas de Barlovento.<\/p>\n<p style=\"text-align: justify;\">\u00abA pasar, de que la Rep\u00fablica Dominicana ya no esta en el cono de trayectoria pronosticada, recomendamos continuar dando un seguimiento de cerca a dicho fen\u00f3meno meteorol\u00f3gico a trav\u00e9s de nuestro boletines y las informaciones de los organismos de protecci\u00f3n civil\u00bb, dijo la\u00a0instituci\u00f3n\u00a0meteorol\u00f3gica.<\/p>\n<p style=\"text-align: justify;\">Fuente: Peri\u00f3dico Hoy<\/p>\n<\/div>\n","protected":false},"excerpt":{"rendered":"<p>La directora de la Oficina Nacional de Metrolog\u00eda inform\u00f3 hoy la tormenta tropical Bret no<\/p>\n","protected":false},"author":2,"featured_media":0,"comment_status":"open","ping_status":"open","sticky":false,"template":"","format":"standard","meta":{"footnotes":""},"categories":[229,7],"tags":[],"class_list":["post-5519","post","type-post","status-publish","format-standard","hentry","category-clima","category-nacionales"],"_links":{"self":[{"href":"https:\/\/defrentealaverdad.com\/index.php\/wp-json\/wp\/v2\/posts\/5519","targetHints":{"allow":["GET"]}}],"collection":[{"href":"https:\/\/defrentealaverdad.com\/index.php\/wp-json\/wp\/v2\/posts"}],"about":[{"href":"https:\/\/defrentealaverdad.com\/index.php\/wp-json\/wp\/v2\/types\/post"}],"author":[{"embeddable":true,"href":"https:\/\/defrentealaverdad.com\/index.php\/wp-json\/wp\/v2\/users\/2"}],"replies":[{"embeddable":true,"href":"https:\/\/defrentealaverdad.com\/index.php\/wp-json\/wp\/v2\/comments?post=5519"}],"version-history":[{"count":2,"href":"https:\/\/defrentealaverdad.com\/index.php\/wp-json\/wp\/v2\/posts\/5519\/revisions"}],"predecessor-version":[{"id":5521,"href":"https:\/\/defrentealaverdad.com\/index.php\/wp-json\/wp\/v2\/posts\/5519\/revisions\/5521"}],"wp:attachment":[{"href":"https:\/\/defrentealaverdad.com\/index.php\/wp-json\/wp\/v2\/media?parent=5519"}],"wp:term":[{"taxonomy":"category","embeddable":true,"href":"https:\/\/defrentealaverdad.com\/index.php\/wp-json\/wp\/v2\/categories?post=5519"},{"taxonomy":"post_tag","embeddable":true,"href":"https:\/\/defrentealaverdad.com\/index.php\/wp-json\/wp\/v2\/tags?post=5519"}],"curies":[{"name":"wp","href":"https:\/\/api.w.org\/{rel}","templated":true}]}}