{"id":54650,"date":"2026-02-07T17:24:10","date_gmt":"2026-02-07T17:24:10","guid":{"rendered":"https:\/\/defrentealaverdad.com\/?p=54650"},"modified":"2026-02-07T17:24:10","modified_gmt":"2026-02-07T17:24:10","slug":"hecmilio-galvan-republica-dominicana-es-una-potencia-mundial-en-produccion-de-aguacate","status":"publish","type":"post","link":"https:\/\/defrentealaverdad.com\/index.php\/2026\/02\/07\/hecmilio-galvan-republica-dominicana-es-una-potencia-mundial-en-produccion-de-aguacate\/","title":{"rendered":"Hecmilio Galv\u00e1n: Rep\u00fablica Dominicana es una potencia mundial en producci\u00f3n de aguacate"},"content":{"rendered":"<blockquote>\n<p style=\"text-align: center;\">Gobierno construir\u00e1 Parque Agroecol\u00f3gico del Aguacate en Cambita<\/p>\n<\/blockquote>\n<p style=\"text-align: justify;\"><strong>Santo Domingo-<\/strong> Con el lema \u00abSalvando Las Monta\u00f1as\u00bb, el director ejecutivo del Fondo Especial Para el Desarrollo Agropecuario (FEDA), Hecmilio Galv\u00e1n, encabez\u00f3 este viernes importante encuentro de socializaci\u00f3n sobre la construcci\u00f3n del Parque Agroecol\u00f3gico del Aguacate \u00b4\u00b4Salvando Las Monta\u00f1as\u00b4\u00b4, el cual se construir\u00e1 en el municipio de Cambita Garabitos, provincia San Cristobal con el objetivo de mostrar el potencial del pa\u00eds en ese cultivo, fomentar el agroturismo, la protecci\u00f3n ambiental y el desarrollo urbano de esta provincia.<\/p>\n<p style=\"text-align: justify;\">Segun Galv\u00e1n, este parque es una iniciativa del Presidente Luis Abinader para apoyar a los productores de aguacate, ya que el pa\u00eds es una potencia en este cultivo, estando en el Top Ten mundial, lo que representa una gran oportunidad de desarrollo y una marca para el pa\u00eds y ah\u00ed se conocer\u00e1n todas las variedades del aguacates y los subproductos que se extraen de \u00e9l.<\/p>\n<p style=\"text-align: justify;\">Galv\u00e1n, explic\u00f3 que la construcci\u00f3n de este innovador proyecto rendir\u00e1 homenaje a Cambita, la ciudad del aguacate, y contar\u00e1 con diversas \u00e1reas como un restaurante tem\u00e1tico, un sendero agroecol\u00f3gico y un vivero de aguacate, un anfiteatro, un mercado, un boulevard, casetas de ventas, un museo del aguacate, parqueos, \u00e1reas de ni\u00f1os, entre otras amenidades que impulsar\u00e1n el desarrollo econ\u00f3mico, ecol\u00f3gico y tur\u00edstico de la zona.<\/p>\n<p style=\"text-align: justify;\">Adem\u00e1s, destac\u00f3 que Rep\u00fablica Dominicana se encuentra en la posici\u00f3n numero tres o cuatro entre los productores de aguacates en el mundo, antecedido por M\u00e9xico, que es el n\u00famero uno, ya que fue donde naci\u00f3 el fruto tambi\u00e9n conocido como Oro Verde.<\/p>\n<blockquote>\n<p style=\"text-align: center;\">\u00abNosotros como pa\u00eds tenemos una importancia capital en el sector aguacatero en el mundo, pero no lo hemos asimilado, este proyecto le va a dar un empuje a este sector tan importante para el crecimiento econ\u00f3mico y medio ambiental de nuestro pa\u00eds\u00bb , explic\u00f3.<\/p>\n<\/blockquote>\n<p style=\"text-align: justify;\">El encuentro tuvo lugar en el Sal\u00f3n del IICA, en el local del FEDA, donde se presentaron los objetivos estrat\u00e9gicos del proyecto, enfocados en impulsar el desarrollo agroecol\u00f3gico, promover buenas pr\u00e1cticas agr\u00edcolas y garantizar la conservaci\u00f3n de las zonas monta\u00f1osas vinculadas a la producci\u00f3n de aguacate.<\/p>\n<p style=\"text-align: justify;\">Dicha actividad cont\u00f3 con la presencia del director de Reforestacion y Fomento del Ministerio de Medio Ambiente, Elias Figuereo; Jose Rosa, Presidente del Cluster de Cambita, Leonardo Brioso, provincial del FEDA en San Crist\u00f3bal; Rafael D\u00edaz; Encargado de formulaci\u00f3n de proyectos FEDA; Paola Peguero, arquitecta y encargada del departamento de ingenier\u00eda; Wilfredo Castro, coordinador del Plan Salvando Las Monta\u00f1as, productores de aguacates, as\u00ed como diversos expertos en el \u00e1rea.<\/p>\n<p style=\"text-align: justify;\">Durante la jornada se destac\u00f3 la importancia de integrar a todos los actores del sector para construir un modelo productivo m\u00e1s resiliente, competitivo y respetuoso con el medio ambiente, generando al mismo tiempo mayores oportunidades econ\u00f3micas para los productores y residentes de Cambita.<\/p>\n<p style=\"text-align: justify;\">La iniciativa Salvando Las Monta\u00f1as busca convertirse en un referente nacional en materia de agricultura sostenible, reafirmando el compromiso del Gobierno dominicano con el desarrollo rural y la seguridad alimentaria.<\/p>\n<p style=\"text-align: justify;\">Con este tipo de acciones, el director del FEDA, Hecmilio Galv\u00e1n contin\u00faa promoviendo proyectos que impactan positivamente al campo dominicano y contribuyen al bienestar de las comunidades productivas.<\/p>\n<p>Fuente: Prensa FEDA<\/p>\n","protected":false},"excerpt":{"rendered":"<p>Gobierno construir\u00e1 Parque Agroecol\u00f3gico del Aguacate en Cambita Santo Domingo- Con el lema \u00abSalvando Las<\/p>\n","protected":false},"author":2,"featured_media":54651,"comment_status":"open","ping_status":"open","sticky":false,"template":"","format":"standard","meta":{"footnotes":""},"categories":[233],"tags":[],"class_list":["post-54650","post","type-post","status-publish","format-standard","has-post-thumbnail","hentry","category-medio-ambiente"],"_links":{"self":[{"href":"https:\/\/defrentealaverdad.com\/index.php\/wp-json\/wp\/v2\/posts\/54650","targetHints":{"allow":["GET"]}}],"collection":[{"href":"https:\/\/defrentealaverdad.com\/index.php\/wp-json\/wp\/v2\/posts"}],"about":[{"href":"https:\/\/defrentealaverdad.com\/index.php\/wp-json\/wp\/v2\/types\/post"}],"author":[{"embeddable":true,"href":"https:\/\/defrentealaverdad.com\/index.php\/wp-json\/wp\/v2\/users\/2"}],"replies":[{"embeddable":true,"href":"https:\/\/defrentealaverdad.com\/index.php\/wp-json\/wp\/v2\/comments?post=54650"}],"version-history":[{"count":1,"href":"https:\/\/defrentealaverdad.com\/index.php\/wp-json\/wp\/v2\/posts\/54650\/revisions"}],"predecessor-version":[{"id":54652,"href":"https:\/\/defrentealaverdad.com\/index.php\/wp-json\/wp\/v2\/posts\/54650\/revisions\/54652"}],"wp:featuredmedia":[{"embeddable":true,"href":"https:\/\/defrentealaverdad.com\/index.php\/wp-json\/wp\/v2\/media\/54651"}],"wp:attachment":[{"href":"https:\/\/defrentealaverdad.com\/index.php\/wp-json\/wp\/v2\/media?parent=54650"}],"wp:term":[{"taxonomy":"category","embeddable":true,"href":"https:\/\/defrentealaverdad.com\/index.php\/wp-json\/wp\/v2\/categories?post=54650"},{"taxonomy":"post_tag","embeddable":true,"href":"https:\/\/defrentealaverdad.com\/index.php\/wp-json\/wp\/v2\/tags?post=54650"}],"curies":[{"name":"wp","href":"https:\/\/api.w.org\/{rel}","templated":true}]}}