{"id":5459,"date":"2023-06-20T14:51:49","date_gmt":"2023-06-20T14:51:49","guid":{"rendered":"https:\/\/defrentealaverdad.com\/?p=5459"},"modified":"2023-06-20T14:52:21","modified_gmt":"2023-06-20T14:52:21","slug":"rd-sede-de-la-undecima-reunion-del-grupo-regional-sobre-seguridad-de-la-aviacion-y-facilitacion-nam-car-y-sam-oaci-clac-avsec-fal-rg-11","status":"publish","type":"post","link":"https:\/\/defrentealaverdad.com\/index.php\/2023\/06\/20\/rd-sede-de-la-undecima-reunion-del-grupo-regional-sobre-seguridad-de-la-aviacion-y-facilitacion-nam-car-y-sam-oaci-clac-avsec-fal-rg-11\/","title":{"rendered":"RD: Sede de la Und\u00e9cima Reuni\u00f3n del Grupo Regional sobre Seguridad de la Aviaci\u00f3n y Facilitaci\u00f3n NAM\/CAR y SAM OACI\/CLAC (AVSEC\/FAL\/RG\/11)"},"content":{"rendered":"<div>\n<div class=\"separator\" style=\"text-align: justify;\"><a href=\"https:\/\/blogger.googleusercontent.com\/img\/b\/R29vZ2xl\/AVvXsEhpsTvB_lvqXJFmrOsH4ljceAy0o4BKlxHAnpyf1KM9L7jjiVsCDEMeuYlPoS4x2TcQsoVCuGJzKuLgnoOtN8lq4glfzNPFIxrfa9ISIRY31qxE1hHAsYkbs4k0py3RiWlh0PfV-XaUiwkVnA25VsAaIeMpet9YiEZ9212hffjDdYU1QtELjY_THEyRZVk\/s1080\/IMG-20230620-WA0026.jpg\"><img decoding=\"async\" data-src=\"https:\/\/blogger.googleusercontent.com\/img\/b\/R29vZ2xl\/AVvXsEhpsTvB_lvqXJFmrOsH4ljceAy0o4BKlxHAnpyf1KM9L7jjiVsCDEMeuYlPoS4x2TcQsoVCuGJzKuLgnoOtN8lq4glfzNPFIxrfa9ISIRY31qxE1hHAsYkbs4k0py3RiWlh0PfV-XaUiwkVnA25VsAaIeMpet9YiEZ9212hffjDdYU1QtELjY_THEyRZVk\/w400-h266\/IMG-20230620-WA0026.jpg\" width=\"400\" height=\"266\" border=\"0\" data-original-height=\"720\" data-original-width=\"1080\" src=\"data:image\/svg+xml;base64,PHN2ZyB3aWR0aD0iMSIgaGVpZ2h0PSIxIiB4bWxucz0iaHR0cDovL3d3dy53My5vcmcvMjAwMC9zdmciPjwvc3ZnPg==\" class=\"lazyload\" style=\"--smush-placeholder-width: 400px; --smush-placeholder-aspect-ratio: 400\/266;\" \/><\/a><\/div>\n<\/div>\n<div style=\"text-align: justify;\">Por Felix Rubio<\/div>\n<div style=\"text-align: justify;\"><\/div>\n<div style=\"text-align: justify;\">\n<div>Santo Domingo.-\u00a0 La Rep\u00fablica Dominicana se convierte este lunes en la sede de la Und\u00e9cima Reuni\u00f3n del Grupo Regional sobre Seguridad de la Aviaci\u00f3n y Facilitaci\u00f3n,\u00a0 Norteam\u00e9rica y Caribe (NAM\/CAR) y SAM OACI\/CLAC (AVSEC\/FAL\/RG\/11) de la Organizaci\u00f3n de Aviaci\u00f3n Civil Internacional (OACI) y la Comisi\u00f3n Latinoamericana de Aviaci\u00f3n Civil (CLAC), la cual se celebra en un hotel de esta Capital.<\/div>\n<div><\/div>\n<div><a href=\"https:\/\/blogger.googleusercontent.com\/img\/b\/R29vZ2xl\/AVvXsEjhozQQp6jj05DwigJJVMA6BJqu482eKZRcodqRm0FIS9P5GznPcpe4NMNPAqZkI4MYeI72gNfNNGjpnkJ-a29QUlcXO2xy4nhtQW24CV6EgigTv6-NYgUhYoX7X6KTlIUIhQLfT-fE4hxNeuyML3u7PyS0NMArTSMM-sRyKz3wNd3YgXC86tzpK1qQHMs\/s720\/IMG-20230620-WA0028.jpg\"><img decoding=\"async\" data-src=\"https:\/\/blogger.googleusercontent.com\/img\/b\/R29vZ2xl\/AVvXsEjhozQQp6jj05DwigJJVMA6BJqu482eKZRcodqRm0FIS9P5GznPcpe4NMNPAqZkI4MYeI72gNfNNGjpnkJ-a29QUlcXO2xy4nhtQW24CV6EgigTv6-NYgUhYoX7X6KTlIUIhQLfT-fE4hxNeuyML3u7PyS0NMArTSMM-sRyKz3wNd3YgXC86tzpK1qQHMs\/s320\/IMG-20230620-WA0028.jpg\" width=\"320\" height=\"192\" border=\"0\" data-original-height=\"432\" data-original-width=\"720\" src=\"data:image\/svg+xml;base64,PHN2ZyB3aWR0aD0iMSIgaGVpZ2h0PSIxIiB4bWxucz0iaHR0cDovL3d3dy53My5vcmcvMjAwMC9zdmciPjwvc3ZnPg==\" class=\"lazyload\" style=\"--smush-placeholder-width: 320px; --smush-placeholder-aspect-ratio: 320\/192;\" \/><\/a><\/div>\n<div><\/div>\n<div>Como parte de las mejoras en las pol\u00edticas p\u00fablicas del sector de la aviaci\u00f3n civil\u00a0 puestas en ejecuci\u00f3n por el excelent\u00edsimo se\u00f1or presidente constitucional de la Rep\u00fablica Dominicana, Luis Rodolfo Abinader Corona, y a trav\u00e9s del Ministerio de Defensa, el Cuerpo Especializado en Seguridad Aeroportuaria y de la Aviaci\u00f3n Civil (CESAC) organiz\u00f3 este evento, con el apoyo del Ministerio de Turismo.<\/div>\n<div><\/div>\n<div><a href=\"https:\/\/blogger.googleusercontent.com\/img\/b\/R29vZ2xl\/AVvXsEi8DfEs6OrWvHu4rVKesajSpYcUlbboqgoVj4at2ubPBM-whOrfDr9XjBsRDiqO0xucEORIwQV0PM7GwHfPs0DhWHa03_CSVhYwC4jnxsp3POmII2jglrSs4st1urpsuAKf53yG6lfD96d-DL5CyuAyzTuSZi1SIf8Mvbc9Q2IAi_FFuVAItBBTlejmSek\/s1080\/IMG-20230620-WA0027.jpg\"><img decoding=\"async\" data-src=\"https:\/\/blogger.googleusercontent.com\/img\/b\/R29vZ2xl\/AVvXsEi8DfEs6OrWvHu4rVKesajSpYcUlbboqgoVj4at2ubPBM-whOrfDr9XjBsRDiqO0xucEORIwQV0PM7GwHfPs0DhWHa03_CSVhYwC4jnxsp3POmII2jglrSs4st1urpsuAKf53yG6lfD96d-DL5CyuAyzTuSZi1SIf8Mvbc9Q2IAi_FFuVAItBBTlejmSek\/s320\/IMG-20230620-WA0027.jpg\" width=\"320\" height=\"181\" border=\"0\" data-original-height=\"610\" data-original-width=\"1080\" src=\"data:image\/svg+xml;base64,PHN2ZyB3aWR0aD0iMSIgaGVpZ2h0PSIxIiB4bWxucz0iaHR0cDovL3d3dy53My5vcmcvMjAwMC9zdmciPjwvc3ZnPg==\" class=\"lazyload\" style=\"--smush-placeholder-width: 320px; --smush-placeholder-aspect-ratio: 320\/181;\" \/><\/a><\/div>\n<div><\/div>\n<div>El encuentro internacional, estuvo encabezado por el ministro de Defensa teniente general Carlos Luciano D\u00edaz Morfa, ERD, en su calidad de presidente del Comit\u00e9 Nacional de Seguridad de Aviaci\u00f3n Civil (CONASAC), conclave que tendr\u00e1 una duraci\u00f3n desde este\u00a0 lunes 19 hasta el viernes 23 de junio del presente a\u00f1o<\/div>\n<div><\/div>\n<div>\n<div class=\"separator\"><a href=\"https:\/\/blogger.googleusercontent.com\/img\/b\/R29vZ2xl\/AVvXsEitdvSBEKkqqRkXk2pcqdvH-1VahPwck0PPNsN0Fo8Qd4UDX-w5y1kvsfmHZrJEL68SGU4ndf9Jd775BaD_7_WgqbJkKvACqnPOB9_qnMffgYtPSUcPYhTkjsJEOPC_aLJK1W2JbCHUypeiERdLxy2m4ldlBu_e0zjzBNj_X1zoTXIw_9zmiwgVo90VgZY\/s1280\/IMG-20230620-WA0025.jpg\"><img decoding=\"async\" data-src=\"https:\/\/blogger.googleusercontent.com\/img\/b\/R29vZ2xl\/AVvXsEitdvSBEKkqqRkXk2pcqdvH-1VahPwck0PPNsN0Fo8Qd4UDX-w5y1kvsfmHZrJEL68SGU4ndf9Jd775BaD_7_WgqbJkKvACqnPOB9_qnMffgYtPSUcPYhTkjsJEOPC_aLJK1W2JbCHUypeiERdLxy2m4ldlBu_e0zjzBNj_X1zoTXIw_9zmiwgVo90VgZY\/s320\/IMG-20230620-WA0025.jpg\" width=\"320\" height=\"180\" border=\"0\" data-original-height=\"719\" data-original-width=\"1280\" src=\"data:image\/svg+xml;base64,PHN2ZyB3aWR0aD0iMSIgaGVpZ2h0PSIxIiB4bWxucz0iaHR0cDovL3d3dy53My5vcmcvMjAwMC9zdmciPjwvc3ZnPg==\" class=\"lazyload\" style=\"--smush-placeholder-width: 320px; --smush-placeholder-aspect-ratio: 320\/180;\" \/><\/a><\/div>\n<\/div>\n<div>En dicho encuentro internacional,\u00a0 participan delegados y representantes de los pa\u00edses y territorios del continente americano, donde las palabras centrales estuvieron a cargo del Ministro de Defensa y seguidas de los talleres : \u201cD\u00eda AVSEC para la Industria\u201d y \u201cConversaciones AVSEC\/FAL\u201d.<\/div>\n<div><\/div>\n<div>El ministro\u00a0 D\u00edaz Morfa en su discurso,\u00a0 dijo que: \u201cEn los \u00faltimos a\u00f1os, hemos sido testigos de un crecimiento constante en la industria de la aviaci\u00f3n civil, este aumento en la conectividad a\u00e9rea ha brindado innumerables beneficios en t\u00e9rminos de desarrollo econ\u00f3mico, intercambio cultural y acceso a oportunidades globales\u201d.<\/div>\n<div><\/div>\n<div>Advirti\u00f3, sin embargo que \u201cse han planteado desaf\u00edos significativos en t\u00e9rminos de seguridad y facilitaci\u00f3n, por lo que la seguridad de la aviaci\u00f3n civil es una prioridad fundamental para todos los pa\u00edses del mundo; es por ello, que garantizar que los pasajeros y la carga que viajan a trav\u00e9s de nuestras regiones est\u00e9n protegidos contra cualquier amenaza, es primordial.\u201d<\/div>\n<div><\/div>\n<div>Dijo que para lograrlo requiere cooperaci\u00f3n estrecha y una coordinaci\u00f3n efectiva entre los gobiernos, las autoridades de aviaci\u00f3n civil, las aerol\u00edneas y otros actores relevantes.<\/div>\n<div><\/div>\n<div>El Ministro de Defensa consider\u00f3 que: \u201cEs en este escenario, durante el desarrollo de esta reuni\u00f3n regional donde podemos unirnos para compartir experiencias, mejores pr\u00e1cticas y buscar soluciones comunes para enfrentar los desaf\u00edos de seguridad.\u201d<\/div>\n<div><\/div>\n<div><strong>\u201cLa seguridad es responsabilidad de todos\u201d<\/strong><\/div>\n<div><\/div>\n<div>Las palabras de apertura estuvieron a cargo\u00a0 del general de brigada, piloto Floreal Su\u00e1rez Mart\u00ednez, FARD, en su calidad de director general del Cuerpo Especializado en Seguridad Aeroportuaria y de la Aviaci\u00f3n Civil (CESAC).<\/div>\n<div><\/div>\n<div>Su\u00e1rez Mart\u00ednez, FARD inform\u00f3 que gracias al crecimiento que experimenta el sector en la presente gesti\u00f3n del presidente de la Rep\u00fablica Dominicana, Luis Abinader Corona, el pa\u00eds es sede de esta importante Reuni\u00f3n, en la que convergen Estado e industria y que el objetivo de la actividad es intercambiar experiencias y posibles soluciones ante desaf\u00edos en materia de seguridad de la aviaci\u00f3n civil,\u00a0 presentando alternativas de mejora\u00a0 continua\u00a0 que fortalecer\u00e1n el desarrollo del sector\u201d.<\/div>\n<div><\/div>\n<div>\u201cTrabajamos juntos para promover y garantizar la seguridad, as\u00ed como la facilitaci\u00f3n de la aviaci\u00f3n civil en nuestras regiones, porque la seguridad es responsabilidad de todos\u201d, dijo el director del CESAC.<\/div>\n<div><\/div>\n<div>De su lado, el director de la oficina regional SAM de la OACI, Sr. Fabio Rabbani consider\u00f3 que: \u201cLa seguridad siempre ha sido, y siempre ser\u00e1, nuestra m\u00e1xima prioridad en la aviaci\u00f3n. Cada d\u00eda, trabajamos incansablemente para garantizar que todos los pasajeros y tripulantes est\u00e9n seguros en nuestros cielos.\u201d<\/div>\n<div><\/div>\n<div>Asegur\u00f3 que: \u201cTambi\u00e9n debemos reconocer que la facilitaci\u00f3n, la capacidad de mover a las personas y mercanc\u00edas de manera eficiente y efectiva a trav\u00e9s de nuestras fronteras, y respetando los requisitos de seguridad requeridos para mantener la confianza de las personas en el transporte a\u00e9reo es un elemento prioritario para el desarrollo y la conectividad de la aviaci\u00f3n civil.\u201d<\/div>\n<div><\/div>\n<div>As\u00ed mismo, el director regional interino de la oficina regional NACC de la OACI, Sr. Julio Siu agradeci\u00f3 al CESAC y a la JAC por la organizaci\u00f3n del evento. \u00a0Coment\u00f3 que esta es una oportunidad de relevancia para el Grupo Regional para la revisi\u00f3n de los acuerdos de la Asamblea 41 de la OACI, la revisi\u00f3n del Plan Global para la seguridad de la aviaci\u00f3n (GASeP) y la ciberseguridad, entre otros temas.<\/div>\n<div><\/div>\n<div>A\u00f1adi\u00f3 que este trabajo es resultado conjunto de las Oficinas Regionales para Norteam\u00e9rica, Centroam\u00e9rica y Caribe (NACC) y para Sudam\u00e9rica (SAM) de la OACI con la Comisi\u00f3n Latinoamericana de Aviaci\u00f3n Civil (CLAC), y que espera una buena discusi\u00f3n e intercambio de ideas para el beneficio de los Estados. En la actividad intervino adem\u00e1s, el se\u00f1or Am\u00edlcar Gonz\u00e1lez, seguridad de la aviaci\u00f3n y facilitaci\u00f3n, Las Am\u00e9ricas IATA y el se\u00f1or Jos\u00e9 Marte Piantini, presidente de la Junta de Aviaci\u00f3n Civil (JAC).<\/div>\n<div><\/div>\n<div>La reuni\u00f3n del Grupo Regional AVSEC\/FAL se ha estado realizando anualmente en diferentes sedes, desde el 2011 aunque, present\u00f3 una interrupci\u00f3n del 2020 al 2022 por motivo de la pandemia y se reanud\u00f3 el a\u00f1o pasado en Brasil.<\/div>\n<\/div>\n<div style=\"text-align: justify;\"><\/div>\n<div style=\"text-align: justify;\">Fuente: Prensa OACI<\/div>\n","protected":false},"excerpt":{"rendered":"<p>Por Felix Rubio Santo Domingo.-\u00a0 La Rep\u00fablica Dominicana se convierte este lunes en la sede<\/p>\n","protected":false},"author":1,"featured_media":0,"comment_status":"open","ping_status":"open","sticky":false,"template":"","format":"standard","meta":{"footnotes":""},"categories":[7],"tags":[],"class_list":["post-5459","post","type-post","status-publish","format-standard","hentry","category-nacionales"],"_links":{"self":[{"href":"https:\/\/defrentealaverdad.com\/index.php\/wp-json\/wp\/v2\/posts\/5459","targetHints":{"allow":["GET"]}}],"collection":[{"href":"https:\/\/defrentealaverdad.com\/index.php\/wp-json\/wp\/v2\/posts"}],"about":[{"href":"https:\/\/defrentealaverdad.com\/index.php\/wp-json\/wp\/v2\/types\/post"}],"author":[{"embeddable":true,"href":"https:\/\/defrentealaverdad.com\/index.php\/wp-json\/wp\/v2\/users\/1"}],"replies":[{"embeddable":true,"href":"https:\/\/defrentealaverdad.com\/index.php\/wp-json\/wp\/v2\/comments?post=5459"}],"version-history":[{"count":2,"href":"https:\/\/defrentealaverdad.com\/index.php\/wp-json\/wp\/v2\/posts\/5459\/revisions"}],"predecessor-version":[{"id":5461,"href":"https:\/\/defrentealaverdad.com\/index.php\/wp-json\/wp\/v2\/posts\/5459\/revisions\/5461"}],"wp:attachment":[{"href":"https:\/\/defrentealaverdad.com\/index.php\/wp-json\/wp\/v2\/media?parent=5459"}],"wp:term":[{"taxonomy":"category","embeddable":true,"href":"https:\/\/defrentealaverdad.com\/index.php\/wp-json\/wp\/v2\/categories?post=5459"},{"taxonomy":"post_tag","embeddable":true,"href":"https:\/\/defrentealaverdad.com\/index.php\/wp-json\/wp\/v2\/tags?post=5459"}],"curies":[{"name":"wp","href":"https:\/\/api.w.org\/{rel}","templated":true}]}}