{"id":5454,"date":"2023-06-19T21:01:20","date_gmt":"2023-06-19T21:01:20","guid":{"rendered":"https:\/\/defrentealaverdad.com\/?p=5454"},"modified":"2023-06-19T21:01:20","modified_gmt":"2023-06-19T21:01:20","slug":"leandro-mieses-auspicia-operativo-medico-en-buenos-aires-de-herrera","status":"publish","type":"post","link":"https:\/\/defrentealaverdad.com\/index.php\/2023\/06\/19\/leandro-mieses-auspicia-operativo-medico-en-buenos-aires-de-herrera\/","title":{"rendered":"Leandro Mieses auspicia operativo m\u00e9dico en Buenos Aires de Herrera"},"content":{"rendered":"<p><img decoding=\"async\" class=\"size-medium wp-image-5455 aligncenter lazyload\" data-src=\"https:\/\/defrentealaverdad.com\/wp-content\/uploads\/2023\/06\/Sin-titulo-300x200.jpg\" alt=\"\" width=\"300\" height=\"200\" data-srcset=\"https:\/\/defrentealaverdad.com\/wp-content\/uploads\/2023\/06\/Sin-titulo-300x200.jpg 300w, https:\/\/defrentealaverdad.com\/wp-content\/uploads\/2023\/06\/Sin-titulo-1024x682.jpg 1024w, https:\/\/defrentealaverdad.com\/wp-content\/uploads\/2023\/06\/Sin-titulo-768x512.jpg 768w, https:\/\/defrentealaverdad.com\/wp-content\/uploads\/2023\/06\/Sin-titulo-1536x1023.jpg 1536w, https:\/\/defrentealaverdad.com\/wp-content\/uploads\/2023\/06\/Sin-titulo.jpg 1600w\" data-sizes=\"(max-width: 300px) 100vw, 300px\" src=\"data:image\/svg+xml;base64,PHN2ZyB3aWR0aD0iMSIgaGVpZ2h0PSIxIiB4bWxucz0iaHR0cDovL3d3dy53My5vcmcvMjAwMC9zdmciPjwvc3ZnPg==\" style=\"--smush-placeholder-width: 300px; --smush-placeholder-aspect-ratio: 300\/200;\" \/><\/p>\n<p style=\"text-align: justify;\">Leandro Mieses a trav\u00e9s de la Fundaci\u00f3n Levantando al Ca\u00eddo con Amor y Voluntad (FUNLECAV) auspici\u00f3 un operativo m\u00e9dico en Buenos Aires de Herrera en la casa de la Vicealcaldesa y dirigente pol\u00edtica de larga data Felipa G\u00f3mez, donde fueron beneficiadas alrededor de 2500 personas entre ellas ni\u00f1os, j\u00f3venes y adultos mayores de esa comunidad.<\/p>\n<p style=\"text-align: justify;\">La jornada incluy\u00f3 adem\u00e1s la instalaci\u00f3n de una cl\u00ednica m\u00f3vil donde se ofrecieron chequeos de medicina general, medicina familiar, cardiolog\u00eda, oftalmolog\u00eda, odontolog\u00eda, ginecolog\u00eda, nutrici\u00f3n<br \/>\ny pediatr\u00eda.<\/p>\n<p style=\"text-align: justify;\">El joven dirigente indico sentirse agradecido de la acogida por parte de la Vicealcaldesa resaltando que es una persona de quien se puede aprender bastante, debido a que ha tenido la oportunidad de ser autoridad dentro de la demarcaci\u00f3n, desde regidora, diputada en 2 ocasiones y ahora desde la alcald\u00eda.<\/p>\n<p><img decoding=\"async\" class=\"alignnone size-medium wp-image-5456 aligncenter lazyload\" data-src=\"https:\/\/defrentealaverdad.com\/wp-content\/uploads\/2023\/06\/Sin-titulo-1-300x200.jpg\" alt=\"\" width=\"300\" height=\"200\" data-srcset=\"https:\/\/defrentealaverdad.com\/wp-content\/uploads\/2023\/06\/Sin-titulo-1-300x200.jpg 300w, https:\/\/defrentealaverdad.com\/wp-content\/uploads\/2023\/06\/Sin-titulo-1-1024x682.jpg 1024w, https:\/\/defrentealaverdad.com\/wp-content\/uploads\/2023\/06\/Sin-titulo-1-768x512.jpg 768w, https:\/\/defrentealaverdad.com\/wp-content\/uploads\/2023\/06\/Sin-titulo-1-1536x1023.jpg 1536w, https:\/\/defrentealaverdad.com\/wp-content\/uploads\/2023\/06\/Sin-titulo-1.jpg 1600w\" data-sizes=\"(max-width: 300px) 100vw, 300px\" src=\"data:image\/svg+xml;base64,PHN2ZyB3aWR0aD0iMSIgaGVpZ2h0PSIxIiB4bWxucz0iaHR0cDovL3d3dy53My5vcmcvMjAwMC9zdmciPjwvc3ZnPg==\" style=\"--smush-placeholder-width: 300px; --smush-placeholder-aspect-ratio: 300\/200;\" \/><\/p>\n<p style=\"text-align: justify;\">Por su parte la comunitaria y dirigente Felipa, expreso \u201cMieses es un muchacho joven, humilde y trabajador por lo cu\u00e1l puso a disposici\u00f3n su local para cualquier tipo de actividad que el necesitara, adem\u00e1s anunci\u00f3 que estar\u00e1 realizando un acto masivo para indicar a su equipo las instrucciones de votar a favor del precandidato\u201d.<\/p>\n<p style=\"text-align: justify;\">\u201cLa salud es parte fundamental y uno de los principales pilares de la familia, si los miembros de una familia est\u00e1n en salud esto le garantiza un gran nivel de tranquilidad, por tal raz\u00f3n quisimos trabajar en conjunto con esta fundaci\u00f3n para el bienestar de los moradores de la zona\u201d agreg\u00f3 Mieses<\/p>\n<p style=\"text-align: justify;\">\u201cEste es el tercer operativo de varias jornadas que se estar\u00e1n realizando en todo el Municipio Oeste con intenci\u00f3n de contribuir con las comunidades\u201d \u201cAgradezco a FUNLECAV por la organizaci\u00f3n de este operativo m\u00e9dico que hoy se est\u00e1 realizando en Buenos Aires de Herrera, serviremos de brazo operativo a esta fundaci\u00f3n para llevar esta jornada a otras comunidades, brindado los mismos servicios y medicamentos totalmente gratuitos\u201c Agreg\u00f3 el joven pol\u00edtico.<\/p>\n<p><img decoding=\"async\" class=\"size-medium wp-image-5457 aligncenter lazyload\" data-src=\"https:\/\/defrentealaverdad.com\/wp-content\/uploads\/2023\/06\/Sin-titulo-2-300x200.jpg\" alt=\"\" width=\"300\" height=\"200\" data-srcset=\"https:\/\/defrentealaverdad.com\/wp-content\/uploads\/2023\/06\/Sin-titulo-2-300x200.jpg 300w, https:\/\/defrentealaverdad.com\/wp-content\/uploads\/2023\/06\/Sin-titulo-2-1024x682.jpg 1024w, https:\/\/defrentealaverdad.com\/wp-content\/uploads\/2023\/06\/Sin-titulo-2-768x512.jpg 768w, https:\/\/defrentealaverdad.com\/wp-content\/uploads\/2023\/06\/Sin-titulo-2-1536x1023.jpg 1536w, https:\/\/defrentealaverdad.com\/wp-content\/uploads\/2023\/06\/Sin-titulo-2.jpg 1600w\" data-sizes=\"(max-width: 300px) 100vw, 300px\" src=\"data:image\/svg+xml;base64,PHN2ZyB3aWR0aD0iMSIgaGVpZ2h0PSIxIiB4bWxucz0iaHR0cDovL3d3dy53My5vcmcvMjAwMC9zdmciPjwvc3ZnPg==\" style=\"--smush-placeholder-width: 300px; --smush-placeholder-aspect-ratio: 300\/200;\" \/><\/p>\n<p style=\"text-align: justify;\">El operativo inici\u00f3 a las 9:00 de la ma\u00f1ana y concluy\u00f3 pasada las 2:00 de la tarde, tiempo durante el cual se atendieron ni\u00f1os, j\u00f3venes y adultos mayores, quienes adem\u00e1s de recibir los servicios de chequeos gratuitos, tuvieron la oportunidad de adquirir los medicamentos conforme al diagn\u00f3stico arrojado en las \u00e1reas incluidas en esta jornada, raciones de alimentos crudos para los adultos, raciones de dulces para los m\u00e1s peque\u00f1os y canastillas para las embarazadas.<\/p>\n<p>&nbsp;<\/p>\n<p>Fuente: Equipo de Prensa Leandro Mieses\u00a0 y FUNLECAV<\/p>\n","protected":false},"excerpt":{"rendered":"<p>Leandro Mieses a trav\u00e9s de la Fundaci\u00f3n Levantando al Ca\u00eddo con Amor y Voluntad (FUNLECAV)<\/p>\n","protected":false},"author":1,"featured_media":0,"comment_status":"open","ping_status":"open","sticky":false,"template":"","format":"standard","meta":{"footnotes":""},"categories":[7],"tags":[],"class_list":["post-5454","post","type-post","status-publish","format-standard","hentry","category-nacionales"],"_links":{"self":[{"href":"https:\/\/defrentealaverdad.com\/index.php\/wp-json\/wp\/v2\/posts\/5454","targetHints":{"allow":["GET"]}}],"collection":[{"href":"https:\/\/defrentealaverdad.com\/index.php\/wp-json\/wp\/v2\/posts"}],"about":[{"href":"https:\/\/defrentealaverdad.com\/index.php\/wp-json\/wp\/v2\/types\/post"}],"author":[{"embeddable":true,"href":"https:\/\/defrentealaverdad.com\/index.php\/wp-json\/wp\/v2\/users\/1"}],"replies":[{"embeddable":true,"href":"https:\/\/defrentealaverdad.com\/index.php\/wp-json\/wp\/v2\/comments?post=5454"}],"version-history":[{"count":1,"href":"https:\/\/defrentealaverdad.com\/index.php\/wp-json\/wp\/v2\/posts\/5454\/revisions"}],"predecessor-version":[{"id":5458,"href":"https:\/\/defrentealaverdad.com\/index.php\/wp-json\/wp\/v2\/posts\/5454\/revisions\/5458"}],"wp:attachment":[{"href":"https:\/\/defrentealaverdad.com\/index.php\/wp-json\/wp\/v2\/media?parent=5454"}],"wp:term":[{"taxonomy":"category","embeddable":true,"href":"https:\/\/defrentealaverdad.com\/index.php\/wp-json\/wp\/v2\/categories?post=5454"},{"taxonomy":"post_tag","embeddable":true,"href":"https:\/\/defrentealaverdad.com\/index.php\/wp-json\/wp\/v2\/tags?post=5454"}],"curies":[{"name":"wp","href":"https:\/\/api.w.org\/{rel}","templated":true}]}}