{"id":5443,"date":"2023-06-15T19:21:51","date_gmt":"2023-06-15T19:21:51","guid":{"rendered":"https:\/\/defrentealaverdad.com\/?p=5443"},"modified":"2023-06-16T19:28:16","modified_gmt":"2023-06-16T19:28:16","slug":"citas-para-renovar-pasaporte-tardan-hasta-mas-de-seis-meses","status":"publish","type":"post","link":"https:\/\/defrentealaverdad.com\/index.php\/2023\/06\/15\/citas-para-renovar-pasaporte-tardan-hasta-mas-de-seis-meses\/","title":{"rendered":"Citas para renovar pasaporte tardan hasta m\u00e1s de seis meses"},"content":{"rendered":"<blockquote><p>Al llenar la solicitud en l\u00ednea este jueves, las fechas disponibles est\u00e1n para enero de 2024<\/p><\/blockquote>\n<p><img decoding=\"async\" class=\"aligncenter lazyload\" data-src=\"https:\/\/resources.diariolibre.com\/images\/2023\/04\/28\/shutterstock1856112160-2048x1365-a3141eac-focus-0-0-896-504.jpg\" alt=\"Citas para renovar pasaporte tardan hasta m\u00e1s de seis meses\" src=\"data:image\/svg+xml;base64,PHN2ZyB3aWR0aD0iMSIgaGVpZ2h0PSIxIiB4bWxucz0iaHR0cDovL3d3dy53My5vcmcvMjAwMC9zdmciPjwvc3ZnPg==\" \/><\/p>\n<p style=\"text-align: justify;\">Las citas en la Direcci\u00f3n Nacional de Pasaportes est\u00e1n cada vez m\u00e1s lejos, a pesar de que el organismo inform\u00f3 que tras la adquisici\u00f3n de nuevas libretas se agilizar\u00edan los tr\u00e1mites.<\/p>\n<p style=\"text-align: justify;\">Actualmente, una cita para renovar la libreta tarda m\u00e1s de seis meses. \u00a0Al d\u00eda de hoy (jueves) al llenar el formulario para renovar la libreta, la primera fecha disponible es el 9 de enero del 2024 en la sede central, una espera de seis meses y medio.<\/p>\n<p style=\"text-align: justify;\">Algunas personas residentes en Santo Domingo han recurrido a la pr\u00e1ctica de renovar o sacar el pasaporte por primera vez en las oficinas de la entidad que est\u00e1n en los pueblos, puesto que el tiempo de espera es menor, aunque igual es de varios meses.<\/p>\n<p style=\"text-align: justify;\">El pasado 15 de mayo, el director de Emisi\u00f3n y Renovaci\u00f3n de la entidad, Eduard Figueroa, inform\u00f3 que hab\u00edan iniciado un proceso de licitaci\u00f3n para adquirir un mill\u00f3n 150 mil libretas con el objetivo de satisfacer la demanda de los dominicanos.<\/p>\n<p style=\"text-align: justify;\">Respecto a las largas filas de los \u00faltimos meses, Figueroa dijo que \u00abse est\u00e1n habilitando nuevos puestos de entrega de libretas para descongestionar las oficinas de Pasaportes\u00bb y que en su gran mayor\u00eda son personas a los cuales les fue extendido el tiempo de vigencia, que han acudido para retirar su libreta.<\/p>\n<p style=\"text-align: justify;\">Fuente: Diario Libre RD<\/p>\n","protected":false},"excerpt":{"rendered":"<p>Al llenar la solicitud en l\u00ednea este jueves, las fechas disponibles est\u00e1n para enero de<\/p>\n","protected":false},"author":4,"featured_media":0,"comment_status":"open","ping_status":"open","sticky":false,"template":"","format":"standard","meta":{"footnotes":""},"categories":[7],"tags":[],"class_list":["post-5443","post","type-post","status-publish","format-standard","hentry","category-nacionales"],"_links":{"self":[{"href":"https:\/\/defrentealaverdad.com\/index.php\/wp-json\/wp\/v2\/posts\/5443","targetHints":{"allow":["GET"]}}],"collection":[{"href":"https:\/\/defrentealaverdad.com\/index.php\/wp-json\/wp\/v2\/posts"}],"about":[{"href":"https:\/\/defrentealaverdad.com\/index.php\/wp-json\/wp\/v2\/types\/post"}],"author":[{"embeddable":true,"href":"https:\/\/defrentealaverdad.com\/index.php\/wp-json\/wp\/v2\/users\/4"}],"replies":[{"embeddable":true,"href":"https:\/\/defrentealaverdad.com\/index.php\/wp-json\/wp\/v2\/comments?post=5443"}],"version-history":[{"count":2,"href":"https:\/\/defrentealaverdad.com\/index.php\/wp-json\/wp\/v2\/posts\/5443\/revisions"}],"predecessor-version":[{"id":5445,"href":"https:\/\/defrentealaverdad.com\/index.php\/wp-json\/wp\/v2\/posts\/5443\/revisions\/5445"}],"wp:attachment":[{"href":"https:\/\/defrentealaverdad.com\/index.php\/wp-json\/wp\/v2\/media?parent=5443"}],"wp:term":[{"taxonomy":"category","embeddable":true,"href":"https:\/\/defrentealaverdad.com\/index.php\/wp-json\/wp\/v2\/categories?post=5443"},{"taxonomy":"post_tag","embeddable":true,"href":"https:\/\/defrentealaverdad.com\/index.php\/wp-json\/wp\/v2\/tags?post=5443"}],"curies":[{"name":"wp","href":"https:\/\/api.w.org\/{rel}","templated":true}]}}