{"id":54309,"date":"2026-02-01T12:24:50","date_gmt":"2026-02-01T12:24:50","guid":{"rendered":"https:\/\/defrentealaverdad.com\/?p=54309"},"modified":"2026-02-01T21:26:46","modified_gmt":"2026-02-01T21:26:46","slug":"conadis-comienza-el-2026-acercando-la-inclusion-a-barahona-con-la-jornada-conadis-para-todos","status":"publish","type":"post","link":"https:\/\/defrentealaverdad.com\/index.php\/2026\/02\/01\/conadis-comienza-el-2026-acercando-la-inclusion-a-barahona-con-la-jornada-conadis-para-todos\/","title":{"rendered":"CONADIS comienza el 2026 acercando la inclusi\u00f3n a Barahona con la jornada \u201cCONADIS para Todos"},"content":{"rendered":"<p style=\"text-align: justify;\"><strong>Barahona, R.D.\u2013<\/strong> El Consejo Nacional de Discapacidad (CONADIS) realiz\u00f3 con \u00e9xito la primera Jornada de Inclusi\u00f3n Social del a\u00f1o 2026 en la provincia de Barahona, bajo el lema \u201cCONADIS para Todos\u201d, con el objetivo de promover la inclusi\u00f3n social, el acceso a servicios y el bienestar integral de las personas con discapacidad en la regi\u00f3n.<\/p>\n<p style=\"text-align: justify;\">La actividad se llev\u00f3 a cabo en la sede de la Universidad Aut\u00f3noma de Santo Domingo (UASD), Recinto Barahona, y cont\u00f3 con la participaci\u00f3n de autoridades provinciales, representantes de organizaciones de personas con discapacidad, instituciones p\u00fablicas aliadas y miembros de la comunidad.<\/p>\n<p style=\"text-align: justify;\">Durante el acto, el presidente del Consejo Nacional de Discapacidad, Benny Metz, resalt\u00f3 el impacto de estas jornadas en las comunidades:<\/p>\n<blockquote>\n<p style=\"text-align: center;\">\u201cEsta jornada representa un paso concreto hacia una sociedad m\u00e1s justa e inclusiva. A trav\u00e9s de estas acciones acercamos los servicios del Estado a quienes m\u00e1s los necesitan, fortaleciendo la protecci\u00f3n social y mejorando la calidad de vida de las personas con discapacidad y sus familias\u201d, puntualiz\u00f3.<\/p>\n<\/blockquote>\n<p style=\"text-align: justify;\">De igual forma, el director ejecutivo de CONADIS, Alexis Alcantara, destac\u00f3 que la inclusi\u00f3n social constituye un derecho fundamental que debe ser garantizado por el Estado.<\/p>\n<blockquote>\n<p style=\"text-align: center;\">\u201cLa inclusi\u00f3n social no es un favor, es un derecho. Desde CONADIS trabajamos de manera firme para derribar barreras, generar oportunidades y asegurar que las personas con discapacidad puedan ejercer plenamente sus derechos y desarrollar su potencial en igualdad de condiciones en todo el territorio nacional\u201d, expres\u00f3 Metz.<\/p>\n<\/blockquote>\n<p style=\"text-align: justify;\">Asimismo, el senador por la provincia Barahona, Mois\u00e9s Ayala, valor\u00f3 de manera positiva la iniciativa y reafirm\u00f3 el respaldo de la provincia a las pol\u00edticas de inclusi\u00f3n, destacando que estas jornadas generan un impacto directo en la poblaci\u00f3n.<\/p>\n<blockquote>\n<p style=\"text-align: center;\">\u201cEn nombre del pueblo de Barahona apoyamos firmemente este tipo de acciones, que acercan soluciones reales a nuestra gente. La inclusi\u00f3n es una responsabilidad compartida y programas como CONADIS para Todos contribuyen a construir una provincia m\u00e1s solidaria, humana y accesible para todos\u201d, expres\u00f3.<\/p>\n<\/blockquote>\n<p style=\"text-align: justify;\">De igual forma, estuvo presente Noel Suverbi (Tavito), director del INDESUR, quien salud\u00f3 la presencia del CONADIS en la provincia y manifest\u00f3 su disposici\u00f3n de continuar trabajando de manera conjunta para fortalecer la inclusi\u00f3n y el acompa\u00f1amiento a las personas con discapacidad y sus familias.<\/p>\n<p style=\"text-align: justify;\">La Jornada de Inclusi\u00f3n Social incluy\u00f3 el servicio de valoraci\u00f3n y registro de la discapacidad, los servicios m\u00e9dicos gratuitos en las \u00e1reas de medicina general, pediatr\u00eda, cardiolog\u00eda, odontolog\u00eda y oftalmolog\u00eda, as\u00ed como la entrega de medicamentos y dispositivos de apoyo, entre ellos sillas de ruedas, andadores, muletas y bastones, destinados a promover la autonom\u00eda y mejorar la calidad de vida de las personas con discapacidad.<\/p>\n<p style=\"text-align: justify;\">Esta iniciativa cont\u00f3 con el respaldo de la Gobernaci\u00f3n Provincial de Barahona, la Oficina de Gesti\u00f3n Senatorial, el Ministerio de la Presidencia, el Instituto Dominicano de Aviaci\u00f3n Civil (IDAC), SeNaSa, Banreservas, el Sistema \u00danico de Beneficiarios (SIUBEN) y El Consejo Nacional para la Ni\u00f1ez y la Adolescencia (CONANI).<\/p>\n<p style=\"text-align: justify;\">Asimismo, participaron entidades aliadas como Comedores Econ\u00f3micos, Sup\u00e9rate, la Direcci\u00f3n de Educaci\u00f3n Especial del Ministerio de Educaci\u00f3n y el Consejo Nacional de la Persona Envejeciente (CONAPE), entre otras instituciones comprometidas con la inclusi\u00f3n y la protecci\u00f3n social.<\/p>\n<p style=\"text-align: justify;\">Con estas acciones, CONADIS reafirma su compromiso de continuar impulsando pol\u00edticas y programas que garanticen la inclusi\u00f3n social y la igualdad de oportunidades para las personas con discapacidad en todo el pa\u00eds.<\/p>\n<p>&nbsp;<\/p>\n<p>Fuente: Depto. Com. CONADIS<\/p>\n","protected":false},"excerpt":{"rendered":"<p>Barahona, R.D.\u2013 El Consejo Nacional de Discapacidad (CONADIS) realiz\u00f3 con \u00e9xito la primera Jornada de<\/p>\n","protected":false},"author":1,"featured_media":54310,"comment_status":"open","ping_status":"open","sticky":false,"template":"","format":"standard","meta":{"footnotes":""},"categories":[7],"tags":[],"class_list":["post-54309","post","type-post","status-publish","format-standard","has-post-thumbnail","hentry","category-nacionales"],"_links":{"self":[{"href":"https:\/\/defrentealaverdad.com\/index.php\/wp-json\/wp\/v2\/posts\/54309","targetHints":{"allow":["GET"]}}],"collection":[{"href":"https:\/\/defrentealaverdad.com\/index.php\/wp-json\/wp\/v2\/posts"}],"about":[{"href":"https:\/\/defrentealaverdad.com\/index.php\/wp-json\/wp\/v2\/types\/post"}],"author":[{"embeddable":true,"href":"https:\/\/defrentealaverdad.com\/index.php\/wp-json\/wp\/v2\/users\/1"}],"replies":[{"embeddable":true,"href":"https:\/\/defrentealaverdad.com\/index.php\/wp-json\/wp\/v2\/comments?post=54309"}],"version-history":[{"count":1,"href":"https:\/\/defrentealaverdad.com\/index.php\/wp-json\/wp\/v2\/posts\/54309\/revisions"}],"predecessor-version":[{"id":54311,"href":"https:\/\/defrentealaverdad.com\/index.php\/wp-json\/wp\/v2\/posts\/54309\/revisions\/54311"}],"wp:featuredmedia":[{"embeddable":true,"href":"https:\/\/defrentealaverdad.com\/index.php\/wp-json\/wp\/v2\/media\/54310"}],"wp:attachment":[{"href":"https:\/\/defrentealaverdad.com\/index.php\/wp-json\/wp\/v2\/media?parent=54309"}],"wp:term":[{"taxonomy":"category","embeddable":true,"href":"https:\/\/defrentealaverdad.com\/index.php\/wp-json\/wp\/v2\/categories?post=54309"},{"taxonomy":"post_tag","embeddable":true,"href":"https:\/\/defrentealaverdad.com\/index.php\/wp-json\/wp\/v2\/tags?post=54309"}],"curies":[{"name":"wp","href":"https:\/\/api.w.org\/{rel}","templated":true}]}}